{"id":52031,"date":"2015-11-11T15:56:35","date_gmt":"2015-11-11T13:56:35","guid":{"rendered":"http:\/\/www.sana.sy\/tr\/?p=52031"},"modified":"2015-11-11T15:56:35","modified_gmt":"2015-11-11T13:56:35","slug":"bunun-yerine-diyaloga-tesvik-etmeliler","status":"publish","type":"post","link":"https:\/\/archive.sana.sy\/tr\/?p=52031","title":{"rendered":"Bunun Yerine Diyaloga Te\u015fvik Etmeliler"},"content":{"rendered":"<p>MOSKOVA \u2013 Rusya D\u0131\u015fi\u015fleri Bakan\u0131 Sergey Lavrov ve \u0130ranl\u0131 mevkida\u015f\u0131 Muhammed Cevat Zarif; Suriye&#8217;deki krizde d\u0131\u015f akt\u00f6rlerin Suriyeliler aras\u0131ndaki diyalogun sonu\u00e7lar\u0131n\u0131 daha \u00f6nceden kararla\u015ft\u0131rma hakk\u0131na sahip olmad\u0131klar\u0131n\u0131 belirtti.<\/p>\n<p>Lavrov ve Zarif bug\u00fcn bulunduklar\u0131 telefon g\u00f6r\u00fc\u015fmesinde s\u00f6z konusu d\u0131\u015f akt\u00f6rlerin Suriyelilerin hakk\u0131n\u0131 gasp etme ve onlar\u0131n yerine karar verme yerine krizin \u00e7\u00f6z\u00fcm\u00fc ve ter\u00f6r\u00fcn son bulmas\u0131 i\u00e7in Suriyeliler aras\u0131nda diyaloga te\u015fvik etmeleri gerekti\u011fine i\u015faret etti.<\/p>\n<p>Rusya D\u0131\u015fi\u015fleri Bakanl\u0131\u011f\u0131n\u0131n web sitesinde yay\u0131nlad\u0131\u011f\u0131 haberde Lavrov\u2019un giri\u015fimi \u00fczerine ger\u00e7ekle\u015fen telefon g\u00f6r\u00fc\u015fmesinde iki bakan Suriye&#8217;deki krizin siyasi \u00e7\u00f6z\u00fcm\u00fc konusundaki son \u00e7abalar hakk\u0131nda g\u00f6r\u00fc\u015f al\u0131\u015fveri\u015finde bulunduklar\u0131 kaydedildi.<\/p>\n","protected":false},"excerpt":{"rendered":"<p>MOSKOVA \u2013 Rusya D\u0131\u015fi\u015fleri Bakan\u0131 Sergey Lavrov ve \u0130ranl\u0131 mevkida\u015f\u0131 Muhammed Cevat Zarif; Suriye&#8217;deki krizde d\u0131\u015f akt\u00f6rlerin Suriyeliler aras\u0131ndaki diyalogun sonu\u00e7lar\u0131n\u0131 daha \u00f6nceden kararla\u015ft\u0131rma hakk\u0131na sahip olmad\u0131klar\u0131n\u0131 belirtti. Lavrov ve Zarif bug\u00fcn bulunduklar\u0131 telefon g\u00f6r\u00fc\u015fmesinde s\u00f6z konusu d\u0131\u015f akt\u00f6rlerin Suriyelilerin hakk\u0131n\u0131 gasp etme ve onlar\u0131n yerine karar verme yerine krizin \u00e7\u00f6z\u00fcm\u00fc ve ter\u00f6r\u00fcn son bulmas\u0131 &hellip;<\/p>\n","protected":false},"author":1,"featured_media":52032,"comment_status":"closed","ping_status":"closed","sticky":false,"template":"","format":"standard","meta":{"footnotes":""},"categories":[458,459,447],"tags":[17676],"class_list":["post-52031","post","type-post","status-publish","format-standard","has-post-thumbnail","","category-dunya1","category-haberler-arap-uluslararasi-politika","category-politika","tag-bunun-yerine-diyaloga-tesvik-etmeliler"],"_links":{"self":[{"href":"https:\/\/archive.sana.sy\/tr\/index.php?rest_route=\/wp\/v2\/posts\/52031","targetHints":{"allow":["GET"]}}],"collection":[{"href":"https:\/\/archive.sana.sy\/tr\/index.php?rest_route=\/wp\/v2\/posts"}],"about":[{"href":"https:\/\/archive.sana.sy\/tr\/index.php?rest_route=\/wp\/v2\/types\/post"}],"author":[{"embeddable":true,"href":"https:\/\/archive.sana.sy\/tr\/index.php?rest_route=\/wp\/v2\/users\/1"}],"replies":[{"embeddable":true,"href":"https:\/\/archive.sana.sy\/tr\/index.php?rest_route=%2Fwp%2Fv2%2Fcomments&post=52031"}],"version-history":[{"count":0,"href":"https:\/\/archive.sana.sy\/tr\/index.php?rest_route=\/wp\/v2\/posts\/52031\/revisions"}],"wp:featuredmedia":[{"embeddable":true,"href":"https:\/\/archive.sana.sy\/tr\/index.php?rest_route=\/wp\/v2\/media\/52032"}],"wp:attachment":[{"href":"https:\/\/archive.sana.sy\/tr\/index.php?rest_route=%2Fwp%2Fv2%2Fmedia&parent=52031"}],"wp:term":[{"taxonomy":"category","embeddable":true,"href":"https:\/\/archive.sana.sy\/tr\/index.php?rest_route=%2Fwp%2Fv2%2Fcategories&post=52031"},{"taxonomy":"post_tag","embeddable":true,"href":"https:\/\/archive.sana.sy\/tr\/index.php?rest_route=%2Fwp%2Fv2%2Ftags&post=52031"}],"curies":[{"name":"wp","href":"https:\/\/api.w.org\/{rel}","templated":true}]}}