{"id":52040,"date":"2015-11-11T16:17:39","date_gmt":"2015-11-11T14:17:39","guid":{"rendered":"http:\/\/www.sana.sy\/tr\/?p=52040"},"modified":"2015-11-11T16:17:39","modified_gmt":"2015-11-11T14:17:39","slug":"el-esad-emlak-kanununa-iliskin-kanunnameyi-onayladi","status":"publish","type":"post","link":"https:\/\/archive.sana.sy\/tr\/?p=52040","title":{"rendered":"El Esad Emlak Kanununa \u0130li\u015fkin Kanunnameyi Onaylad\u0131"},"content":{"rendered":"<p>\u015eAM \u2013 Cumhurba\u015fkan\u0131 Be\u015f\u015far el Esad bug\u00fcn yerle\u015fim, yazl\u0131k, turizm ve tatil ama\u00e7l\u0131 emlaklerin yan\u0131 s\u0131ra ticari, sanayi, zanaat, meslek ya da benzeri i\u015fler i\u00e7in kullan\u0131lan emlaklere ili\u015fkin yasama ve d\u00fczenlemeleri organize eden 2015\/20 say\u0131l\u0131 kanunnameyi onaylad\u0131.<\/p>\n<p>Halk Meclisi 04-11-2015 tarihinde d\u00fczenledi\u011fi oturumda s\u00f6z konusu kanunnameyi tart\u0131\u015f\u0131p onaylamas\u0131 ard\u0131ndan anayasa kapsam\u0131nda cumhurba\u015fkan\u0131n\u0131n onay\u0131na g\u00f6ndermi\u015fti.<\/p>\n","protected":false},"excerpt":{"rendered":"<p>\u015eAM \u2013 Cumhurba\u015fkan\u0131 Be\u015f\u015far el Esad bug\u00fcn yerle\u015fim, yazl\u0131k, turizm ve tatil ama\u00e7l\u0131 emlaklerin yan\u0131 s\u0131ra ticari, sanayi, zanaat, meslek ya da benzeri i\u015fler i\u00e7in kullan\u0131lan emlaklere ili\u015fkin yasama ve d\u00fczenlemeleri organize eden 2015\/20 say\u0131l\u0131 kanunnameyi onaylad\u0131. Halk Meclisi 04-11-2015 tarihinde d\u00fczenledi\u011fi oturumda s\u00f6z konusu kanunnameyi tart\u0131\u015f\u0131p onaylamas\u0131 ard\u0131ndan anayasa kapsam\u0131nda cumhurba\u015fkan\u0131n\u0131n onay\u0131na g\u00f6ndermi\u015fti.<\/p>\n","protected":false},"author":1,"featured_media":52041,"comment_status":"closed","ping_status":"closed","sticky":false,"template":"","format":"standard","meta":{"footnotes":""},"categories":[485,486,605,612,599],"tags":[17679],"class_list":["post-52040","post","type-post","status-publish","format-standard","has-post-thumbnail","","category-is-ve-sermaye","category-haberler-is-ve-sermaye","category-sayin-cumhurbaskani","category-yasama-kararnameler","category-yasama-ve-kanunlar","tag-el-esad-emlak-kanununa-iliskin-kanunnameyi-onayladi"],"_links":{"self":[{"href":"https:\/\/archive.sana.sy\/tr\/index.php?rest_route=\/wp\/v2\/posts\/52040","targetHints":{"allow":["GET"]}}],"collection":[{"href":"https:\/\/archive.sana.sy\/tr\/index.php?rest_route=\/wp\/v2\/posts"}],"about":[{"href":"https:\/\/archive.sana.sy\/tr\/index.php?rest_route=\/wp\/v2\/types\/post"}],"author":[{"embeddable":true,"href":"https:\/\/archive.sana.sy\/tr\/index.php?rest_route=\/wp\/v2\/users\/1"}],"replies":[{"embeddable":true,"href":"https:\/\/archive.sana.sy\/tr\/index.php?rest_route=%2Fwp%2Fv2%2Fcomments&post=52040"}],"version-history":[{"count":0,"href":"https:\/\/archive.sana.sy\/tr\/index.php?rest_route=\/wp\/v2\/posts\/52040\/revisions"}],"wp:featuredmedia":[{"embeddable":true,"href":"https:\/\/archive.sana.sy\/tr\/index.php?rest_route=\/wp\/v2\/media\/52041"}],"wp:attachment":[{"href":"https:\/\/archive.sana.sy\/tr\/index.php?rest_route=%2Fwp%2Fv2%2Fmedia&parent=52040"}],"wp:term":[{"taxonomy":"category","embeddable":true,"href":"https:\/\/archive.sana.sy\/tr\/index.php?rest_route=%2Fwp%2Fv2%2Fcategories&post=52040"},{"taxonomy":"post_tag","embeddable":true,"href":"https:\/\/archive.sana.sy\/tr\/index.php?rest_route=%2Fwp%2Fv2%2Ftags&post=52040"}],"curies":[{"name":"wp","href":"https:\/\/api.w.org\/{rel}","templated":true}]}}