{"id":52090,"date":"2015-11-12T19:57:38","date_gmt":"2015-11-12T17:57:38","guid":{"rendered":"http:\/\/www.sana.sy\/tr\/?p=52090"},"modified":"2015-11-13T13:30:58","modified_gmt":"2015-11-13T11:30:58","slug":"tekfirci-ve-hain-teroristlere-yonelik-operasyonlari-tum-hiziyla-devam-ediyor","status":"publish","type":"post","link":"https:\/\/archive.sana.sy\/tr\/?p=52090","title":{"rendered":"Tekfirci ve Hain Ter\u00f6ristlere Y\u00f6nelik Operasyonlar\u0131 T\u00fcm H\u0131z\u0131yla Devam Ediyor"},"content":{"rendered":"<p>\u0130LLER \u2013 Ordu birliklerimiz vatan ve halk\u0131n\u0131n g\u00fcvenlik ve onurunu savunma duyarl\u0131l\u0131\u011f\u0131yla tekfirci ve hain ter\u00f6ristlere kar\u015f\u0131 operasyonlar\u0131n\u0131 h\u0131z kesmeden azim ve kararl\u0131l\u0131kla s\u00fcrd\u00fcr\u00fcyor.<\/p>\n<p><span style=\"color: #0000ff\">HALEP:<\/span><\/p>\n<p>SANA\u2019ya a\u00e7\u0131klama yapan askeri bir kaynak ordu birliklerimizin Halep k\u0131rsal\u0131n\u0131n do\u011fusu Deyr Hafir Beldesinde I\u015e\u0130D tekfircilerine ait a\u011f\u0131r silahlarla donat\u0131lm\u0131\u015f 3 arac\u0131 ta\u015f\u0131d\u0131\u011f\u0131 ter\u00f6rist ve cephaneyle birlikte imha ettiklerini belirtti.<\/p>\n<p>Kaynak Halep k\u0131rsal\u0131nda tekfirci ter\u00f6ristleri kovalayan ordu birliklerimizin il k\u0131rsal\u0131n\u0131n g\u00fcneybat\u0131s\u0131nda Tel Arbain, Hurbat el Mezari, Hurbat Nezha ve Hurbat Ma\u015f\u015fuh\u2019un aralar\u0131nda bulundu\u011fu bir\u00e7ok k\u00f6y ve beldeyi ter\u00f6rden temizleyerek kontrollerine ge\u00e7irdiklerini belirtti.<\/p>\n<p>Bu arada kaynak; hava g\u00fc\u00e7lerimizin Halep k\u0131rsal\u0131n\u0131n g\u00fcneybat\u0131s\u0131 Berkovm \u2013 el \u0130yes yolu \u00fczerende ter\u00f6ristlere ait z\u0131rhl\u0131 ve a\u011f\u0131r makineli silahla donat\u0131lm\u0131\u015f ara\u00e7lar\u0131 bir konvoyunu muhtevalar\u0131yla birlikte imha ettiklerini aktard\u0131.<\/p>\n<p>G\u00fcn i\u00e7inde a\u00e7\u0131klama yapan bir kaynak; ordu birliklerimizin Halep k\u0131rsal\u0131 Benyamin ve Han Toman k\u00f6ylerinde ter\u00f6ristlerin hareket eksenleri ve yuvalar\u0131n\u0131 muhtevalar\u0131yla birlikte imha ettiklerini beyan etti.<\/p>\n<p>Halep k\u0131rsal\u0131n\u0131n do\u011fusunda da ordu birliklerimizin Cub el Safa, Ayn Cemacme, Vediya, Um Arkiyle, Mediyone ve Tel Ebu Dana k\u00f6ylerine ilaveten el Bab Kentinde I\u015e\u0130D ter\u00f6r \u00f6rg\u00fct\u00fcne ait siper ve hareket eksenleri hedef ald\u0131klar\u0131n\u0131 s\u00f6yleyen kaynak; ter\u00f6ristleri say\u0131 ve te\u00e7hizatlar\u0131yla birlikte imha ettiklerine dikkat \u00e7ekti.<\/p>\n<p>Di\u011fer yandan ordu birliklerimiz halk savunma g\u00fc\u00e7leriyle i\u015fbirli\u011fi i\u00e7inde Halep k\u0131rsal\u0131n\u0131n g\u00fcneyi el Haz\u0131r Kentinde ter\u00f6ristlerin son toplanma yerlerini imha etmeleri ard\u0131ndan tamam\u0131yla kontrol\u00fcne ald\u0131.<\/p>\n<p>Ak\u015fam saatlerinde a\u00e7\u0131klama yapan bir kaynak; ordu birliklerimizin halk savunma g\u00fc\u00e7leriyle i\u015fbirli\u011fi i\u00e7inde Halep k\u0131rsal\u0131n\u0131n g\u00fcneybat\u0131s\u0131 el \u0130yes Tepesini kontrol\u00fcne ald\u0131klar\u0131n\u0131 s\u00f6yledi.<\/p>\n<p><span style=\"color: #0000ff\">S\u00dcVEYDA:<\/span><\/p>\n<p>Askeri kaynak; S\u00fcveyda k\u0131rsal\u0131n\u0131n kuzeydo\u011fusu Tel E\u015fhayib B\u00f6lgesinde ise ordu birliklerimizin I\u015e\u0130D\u2019in toplanma yerlerine kar\u015f\u0131 askeri operasyonlar\u0131nda ter\u00f6ristlere ait iki a\u011f\u0131r topu ve a\u011f\u0131r makineli silahla donat\u0131lm\u0131\u015f bir araca ek olarak silah ve m\u00fchimmatlar\u0131n\u0131 yok ettiklerini belirtti.<\/p>\n<p><span style=\"color: #0000ff\">DERA:<\/span><\/p>\n<p>\u00dcrd\u00fcn ve \u0130srail\u2019in Dera\u2019da destekledikleri Nusra Cephesi ve \u00e7at\u0131s\u0131 alt\u0131ndaki di\u011fer ter\u00f6r \u00f6rg\u00fctlere kar\u015f\u0131 operasyonlar\u0131n\u0131 s\u00fcrd\u00fcren ordu birliklerimiz Dera Kentinin yakla\u015f\u0131k 40 km kuzeyine d\u00fc\u015fen Dael Beldesinde askeri bir noktaya sald\u0131r\u0131 giri\u015fiminde bulunan ter\u00f6ristlerle \u015fiddetli \u00e7at\u0131\u015fmalara girdi. \u00c7at\u0131\u015fmada sald\u0131rgan ter\u00f6ristlerin b\u00fcy\u00fck \u00e7o\u011funlu\u011fu \u00f6l\u00fc yaral\u0131 ele ge\u00e7irilirken, sa\u011f kalanlar silahlar\u0131n\u0131 arkalar\u0131nda b\u0131rak\u0131p ka\u00e7t\u0131.<\/p>\n<p>Ordu birliklerimiz Dera k\u0131rsal\u0131n\u0131n do\u011fusu S\u00fcveyda il idari s\u0131n\u0131rlar\u0131na yak\u0131n Tel \u015eeyh H\u00fcseyin B\u00f6lgesinde de ter\u00f6ristlerin mevki ve hareketlerini yo\u011fun ate\u015fe tutarak bir\u00e7ok ter\u00f6risti te\u00e7hizat\u0131yla birlikte etkisizle\u015ftirdi.<\/p>\n<p>Ordu birliklerimiz Dera Beled\u2019in muhtelif b\u00f6lgelerinde tekfirci \u00e7etelerin iki toplanma yeri ve bir karargah\u0131n\u0131 i\u00e7indeki t\u00fcm ter\u00f6ristlerle birlikte imha etti.<\/p>\n<p><span style=\"color: #0000ff\">HOMS:<\/span><\/p>\n<p>Bu arada askeri kaynak hava g\u00fc\u00e7lerimizin Homs k\u0131rsal\u0131n\u0131n do\u011fusu Karyeteyn, Mhin ve Hneyfis b\u00f6lgelerinde I\u015e\u0130D \u00f6rg\u00fct\u00fcne ait karargah ve mevkileri imha ettiklerini belirtti.<\/p>\n<p><span style=\"color: #0000ff\">DEYREZZOR:<\/span><\/p>\n<p>Askeri kaynak SANA\u2019ya a\u00e7\u0131klamas\u0131nda hava g\u00fc\u00e7lerimizin Deyrezzor k\u0131rsal\u0131n\u0131n Cafra K\u00f6y\u00fc do\u011fusunda I\u015e\u0130D mevkileri ve hareketlenmelerini bombalad\u0131klar\u0131n\u0131 aktard\u0131.<\/p>\n<p><span style=\"color: #0000ff\">HAMA:<\/span><\/p>\n<p>\u00d6te yandan Hama Kentinin yakla\u015f\u0131k 35 km kuzeyine d\u00fc\u015fen Latamina Beldesinde \u2018Cund el Aksa\u2019n\u0131n toplanma yerleri ve mevkilerini yo\u011fun ate\u015fe tutan ordu birliklerimiz; 5 ter\u00f6risti \u00f6ld\u00fcrmelerine e\u015f zamanl\u0131 olarak Kefar Zeyta Beldesinde Nusra Cephesine ait yuvalar\u0131 ve iki arac\u0131n\u0131 imha edip \u00e7ok say\u0131da ter\u00f6risti \u00f6l\u00fc ve yaral\u0131 d\u00fc\u015f\u00fcrd\u00fc.<\/p>\n<p>Bu arada Hama k\u0131rsal\u0131n\u0131n kuzeyi Lahaya K\u00f6y\u00fc kav\u015fa\u011f\u0131na yerle\u015ftirmeye \u00e7al\u0131\u015ft\u0131klar\u0131 bomba d\u00fczene\u011finin ellerinde patlamas\u0131 sonucunda 2 ter\u00f6rist \u00f6l\u00fc; 2 ter\u00f6rist de yaral\u0131 d\u00fc\u015ft\u00fc.<\/p>\n<p><span style=\"color: #0000ff\">\u0130DL\u0130B:<\/span><\/p>\n<p>\u0130dlib k\u0131rsal\u0131nda ise ordu birliklerimizin katil Erdo\u011fan rejimine ba\u011fl\u0131 radikal ter\u00f6r \u00f6rg\u00fctlere y\u00f6nelik nitelikli operasyonlar ger\u00e7ekle\u015ftirdiklerini belirten askeri kaynak; Muarret el Numan Kentinin \u00e7evresinde 6 elemandan olu\u015fan bir ter\u00f6r grubunun t\u00fcm \u00fcyelerini \u00f6l\u00fc ve yaral\u0131 d\u00fc\u015f\u00fcrd\u00fcklerini s\u00f6yledi.<\/p>\n<p>Bu arada ter\u00f6r \u00e7eteleri medya ara\u00e7lar\u0131nda \u0130dlib k\u0131rsal\u0131 Serakib B\u00f6lgesinde 9 ter\u00f6ristin m\u00fchimmatlar\u0131yla imha edildi\u011fini itiraf etti.<\/p>\n<p>M.M.<\/p>\n","protected":false},"excerpt":{"rendered":"<p>\u0130LLER \u2013 Ordu birliklerimiz vatan ve halk\u0131n\u0131n g\u00fcvenlik ve onurunu savunma duyarl\u0131l\u0131\u011f\u0131yla tekfirci ve hain ter\u00f6ristlere kar\u015f\u0131 operasyonlar\u0131n\u0131 h\u0131z kesmeden azim ve kararl\u0131l\u0131kla s\u00fcrd\u00fcr\u00fcyor. HALEP: SANA\u2019ya a\u00e7\u0131klama yapan askeri bir kaynak ordu birliklerimizin Halep k\u0131rsal\u0131n\u0131n do\u011fusu Deyr Hafir Beldesinde I\u015e\u0130D tekfircilerine ait a\u011f\u0131r silahlarla donat\u0131lm\u0131\u015f 3 arac\u0131 ta\u015f\u0131d\u0131\u011f\u0131 ter\u00f6rist ve cephaneyle birlikte imha ettiklerini belirtti. &hellip;<\/p>\n","protected":false},"author":1,"featured_media":52091,"comment_status":"closed","ping_status":"closed","sticky":false,"template":"","format":"standard","meta":{"footnotes":""},"categories":[575],"tags":[],"class_list":["post-52090","post","type-post","status-publish","format-standard","has-post-thumbnail","","category-olaylar-ve-gercekler"],"_links":{"self":[{"href":"https:\/\/archive.sana.sy\/tr\/index.php?rest_route=\/wp\/v2\/posts\/52090","targetHints":{"allow":["GET"]}}],"collection":[{"href":"https:\/\/archive.sana.sy\/tr\/index.php?rest_route=\/wp\/v2\/posts"}],"about":[{"href":"https:\/\/archive.sana.sy\/tr\/index.php?rest_route=\/wp\/v2\/types\/post"}],"author":[{"embeddable":true,"href":"https:\/\/archive.sana.sy\/tr\/index.php?rest_route=\/wp\/v2\/users\/1"}],"replies":[{"embeddable":true,"href":"https:\/\/archive.sana.sy\/tr\/index.php?rest_route=%2Fwp%2Fv2%2Fcomments&post=52090"}],"version-history":[{"count":0,"href":"https:\/\/archive.sana.sy\/tr\/index.php?rest_route=\/wp\/v2\/posts\/52090\/revisions"}],"wp:featuredmedia":[{"embeddable":true,"href":"https:\/\/archive.sana.sy\/tr\/index.php?rest_route=\/wp\/v2\/media\/52091"}],"wp:attachment":[{"href":"https:\/\/archive.sana.sy\/tr\/index.php?rest_route=%2Fwp%2Fv2%2Fmedia&parent=52090"}],"wp:term":[{"taxonomy":"category","embeddable":true,"href":"https:\/\/archive.sana.sy\/tr\/index.php?rest_route=%2Fwp%2Fv2%2Fcategories&post=52090"},{"taxonomy":"post_tag","embeddable":true,"href":"https:\/\/archive.sana.sy\/tr\/index.php?rest_route=%2Fwp%2Fv2%2Ftags&post=52090"}],"curies":[{"name":"wp","href":"https:\/\/api.w.org\/{rel}","templated":true}]}}