{"id":52093,"date":"2015-11-12T12:43:34","date_gmt":"2015-11-12T10:43:34","guid":{"rendered":"http:\/\/www.sana.sy\/tr\/?p=52093"},"modified":"2015-11-12T12:43:34","modified_gmt":"2015-11-12T10:43:34","slug":"cabalar-el-esadin-gelecegine-degil-de-terorle-mucadeleye-odaklanmali","status":"publish","type":"post","link":"https:\/\/archive.sana.sy\/tr\/?p=52093","title":{"rendered":"\u00c7abalar El Esad\u2019\u0131n Gelece\u011fine De\u011fil de Ter\u00f6rle M\u00fccadeleye Odaklanmal\u0131"},"content":{"rendered":"<p>TAHRAN \u2013 \u0130ran Cumhurba\u015fkan\u0131 Hasan Ruhani Suriyelilerin kendi \u00fclkelerindeki krizi herhangi bir d\u0131\u015f m\u00fcdahale olmaks\u0131z\u0131n kendi elleriyle \u00e7\u00f6zmeleri ilkesine dayal\u0131 \u0130ran tutumunu yinelerken t\u00fcm devletleri ter\u00f6r\u00fcn k\u00f6k\u00fcnden bertaraf edilmesinde i\u015fbirli\u011fine davet etti.<\/p>\n<p>\u00d6n\u00fcm\u00fczdeki hafta Fransa\u2019ya bulunaca\u011f\u0131 i\u015f ziyaretinin \u00f6ncesinde Fransa Televizyonu ve Avrupa 1 Radyosuna a\u00e7\u0131klamalar\u0131nda Ruhani; Suriye&#8217;deki krizin \u00e7\u00f6z\u00fcm\u00fcne ili\u015fkin \u00e7abalar\u0131n Cumhurba\u015fkan\u0131 Be\u015f\u015far el Esad\u2019\u0131n gelece\u011fine de\u011fil de, ter\u00f6rle m\u00fccadele edecek g\u00fc\u00e7l\u00fc bir devletin olmas\u0131 \u00fczerine odaklanmas\u0131 gere\u011finin alt\u0131n\u0131 \u00e7izdi.<\/p>\n<p>Ruhani Suriye ve y\u00f6netiminin gelece\u011finin tamamen Suriyelilerin elinde olmas\u0131 gere\u011finin alt\u0131n\u0131 \u00e7izerek, mevcut s\u00fcre\u00e7 i\u00e7inde en \u00f6nemli noktan\u0131n ter\u00f6rle m\u00fccadele oldu\u011funu belirtti. Bunun i\u00e7inde Suriye&#8217;nin ter\u00f6rle m\u00fccadele etme g\u00fcc\u00fcne sahip olmas\u0131 gerekti\u011fini ifade eden Ruhani; Suriye&#8217;yi ter\u00f6r kar\u015f\u0131s\u0131nda zay\u0131flatma \u00e7abalar\u0131na son verilmesi gere\u011fine i\u015faret etti.<\/p>\n<p>Filistin meselesinde ise Ruhani; mevcut \u0130srail\u2019in me\u015fru bir varl\u0131k olmad\u0131\u011f\u0131n\u0131, dolay\u0131s\u0131yla onunla ili\u015fkilere ge\u00e7menin m\u00fcmk\u00fcn olmad\u0131\u011f\u0131n\u0131 s\u00f6yledi. Ruhani d\u00fcnyan\u0131n muhtelif devletlerine tehcir edilen t\u00fcm Filistinli m\u00fcltecilerin de BM denetimi alt\u0131nda diyarlar\u0131na d\u00f6nmeleri gerekti\u011fini vurgulad\u0131. Filistinli t\u00fcm m\u00fcltecilerin topraklar\u0131na d\u00f6nmeleri ard\u0131ndan se\u00e7imlerin olabilece\u011fini ve bu se\u00e7im sonu\u00e7lar\u0131n\u0131n kabul edilece\u011fini s\u00f6yleyen Ruhani; \u201c\u0130srail ve Filistin ad\u0131 alt\u0131nda iki devletten de\u011fil de bir devletten s\u00f6z ediyorum..\u201d ifadesini kulland\u0131.<\/p>\n","protected":false},"excerpt":{"rendered":"<p>TAHRAN \u2013 \u0130ran Cumhurba\u015fkan\u0131 Hasan Ruhani Suriyelilerin kendi \u00fclkelerindeki krizi herhangi bir d\u0131\u015f m\u00fcdahale olmaks\u0131z\u0131n kendi elleriyle \u00e7\u00f6zmeleri ilkesine dayal\u0131 \u0130ran tutumunu yinelerken t\u00fcm devletleri ter\u00f6r\u00fcn k\u00f6k\u00fcnden bertaraf edilmesinde i\u015fbirli\u011fine davet etti. \u00d6n\u00fcm\u00fczdeki hafta Fransa\u2019ya bulunaca\u011f\u0131 i\u015f ziyaretinin \u00f6ncesinde Fransa Televizyonu ve Avrupa 1 Radyosuna a\u00e7\u0131klamalar\u0131nda Ruhani; Suriye&#8217;deki krizin \u00e7\u00f6z\u00fcm\u00fcne ili\u015fkin \u00e7abalar\u0131n Cumhurba\u015fkan\u0131 Be\u015f\u015far el &hellip;<\/p>\n","protected":false},"author":1,"featured_media":52095,"comment_status":"closed","ping_status":"closed","sticky":false,"template":"","format":"standard","meta":{"footnotes":""},"categories":[458,459,447],"tags":[16820],"class_list":["post-52093","post","type-post","status-publish","format-standard","has-post-thumbnail","","category-dunya1","category-haberler-arap-uluslararasi-politika","category-politika","tag-iran-cumhurbaskani-hasan-ruhani"],"_links":{"self":[{"href":"https:\/\/archive.sana.sy\/tr\/index.php?rest_route=\/wp\/v2\/posts\/52093","targetHints":{"allow":["GET"]}}],"collection":[{"href":"https:\/\/archive.sana.sy\/tr\/index.php?rest_route=\/wp\/v2\/posts"}],"about":[{"href":"https:\/\/archive.sana.sy\/tr\/index.php?rest_route=\/wp\/v2\/types\/post"}],"author":[{"embeddable":true,"href":"https:\/\/archive.sana.sy\/tr\/index.php?rest_route=\/wp\/v2\/users\/1"}],"replies":[{"embeddable":true,"href":"https:\/\/archive.sana.sy\/tr\/index.php?rest_route=%2Fwp%2Fv2%2Fcomments&post=52093"}],"version-history":[{"count":0,"href":"https:\/\/archive.sana.sy\/tr\/index.php?rest_route=\/wp\/v2\/posts\/52093\/revisions"}],"wp:featuredmedia":[{"embeddable":true,"href":"https:\/\/archive.sana.sy\/tr\/index.php?rest_route=\/wp\/v2\/media\/52095"}],"wp:attachment":[{"href":"https:\/\/archive.sana.sy\/tr\/index.php?rest_route=%2Fwp%2Fv2%2Fmedia&parent=52093"}],"wp:term":[{"taxonomy":"category","embeddable":true,"href":"https:\/\/archive.sana.sy\/tr\/index.php?rest_route=%2Fwp%2Fv2%2Fcategories&post=52093"},{"taxonomy":"post_tag","embeddable":true,"href":"https:\/\/archive.sana.sy\/tr\/index.php?rest_route=%2Fwp%2Fv2%2Ftags&post=52093"}],"curies":[{"name":"wp","href":"https:\/\/api.w.org\/{rel}","templated":true}]}}