{"id":52098,"date":"2015-11-12T14:12:38","date_gmt":"2015-11-12T12:12:38","guid":{"rendered":"http:\/\/www.sana.sy\/tr\/?p=52098"},"modified":"2015-11-12T14:12:38","modified_gmt":"2015-11-12T12:12:38","slug":"putinin-simdilik-boyle-bir-plani-yok","status":"publish","type":"post","link":"https:\/\/archive.sana.sy\/tr\/?p=52098","title":{"rendered":"Putin\u2019in \u015eimdilik B\u00f6yle Bir Plan\u0131 Yok"},"content":{"rendered":"<p>MOSKOVA \u2013 Rusya Ba\u015fkanl\u0131k Saray\u0131 Kremlin\u2019in resmi s\u00f6zc\u00fcs\u00fc Dimitry Peskov Ba\u015fkan Vladimir Putin\u2019in, ter\u00f6re kar\u015f\u0131 sava\u015f\u0131nda Suriye&#8217;ye destek veren Rus askeri g\u00fc\u00e7leri ziyaret etmek i\u00e7in mevcut s\u00fcre\u00e7 i\u00e7inde herhangi bir plan\u0131 olmad\u0131\u011f\u0131n\u0131 a\u00e7\u0131klad\u0131.<\/p>\n<p>Peskov Moskova\u2019da bas\u0131n sorular\u0131n\u0131 cevaplarken bir gazetecinin \u2018Putin\u2019in Lazkiye\u2019de bulunan Hmeymim Hava \u00dcss\u00fcnde mevcut Rus g\u00fc\u00e7leri ziyaret etme olana\u011f\u0131na ili\u015fkin sorusuna cevap olarak; Putin\u2019in bu s\u00fcre i\u00e7inde b\u00f6yle bir plan\u0131 olmad\u0131\u011f\u0131n\u0131 ifade etti.<\/p>\n","protected":false},"excerpt":{"rendered":"<p>MOSKOVA \u2013 Rusya Ba\u015fkanl\u0131k Saray\u0131 Kremlin\u2019in resmi s\u00f6zc\u00fcs\u00fc Dimitry Peskov Ba\u015fkan Vladimir Putin\u2019in, ter\u00f6re kar\u015f\u0131 sava\u015f\u0131nda Suriye&#8217;ye destek veren Rus askeri g\u00fc\u00e7leri ziyaret etmek i\u00e7in mevcut s\u00fcre\u00e7 i\u00e7inde herhangi bir plan\u0131 olmad\u0131\u011f\u0131n\u0131 a\u00e7\u0131klad\u0131. Peskov Moskova\u2019da bas\u0131n sorular\u0131n\u0131 cevaplarken bir gazetecinin \u2018Putin\u2019in Lazkiye\u2019de bulunan Hmeymim Hava \u00dcss\u00fcnde mevcut Rus g\u00fc\u00e7leri ziyaret etme olana\u011f\u0131na ili\u015fkin sorusuna cevap &hellip;<\/p>\n","protected":false},"author":1,"featured_media":52106,"comment_status":"closed","ping_status":"closed","sticky":false,"template":"","format":"standard","meta":{"footnotes":""},"categories":[458,459,447],"tags":[17687],"class_list":["post-52098","post","type-post","status-publish","format-standard","has-post-thumbnail","","category-dunya1","category-haberler-arap-uluslararasi-politika","category-politika","tag-rusya-baskanlik-sarayi-kremlinin-resmi-sozcusu-dimitry-peskov"],"_links":{"self":[{"href":"https:\/\/archive.sana.sy\/tr\/index.php?rest_route=\/wp\/v2\/posts\/52098","targetHints":{"allow":["GET"]}}],"collection":[{"href":"https:\/\/archive.sana.sy\/tr\/index.php?rest_route=\/wp\/v2\/posts"}],"about":[{"href":"https:\/\/archive.sana.sy\/tr\/index.php?rest_route=\/wp\/v2\/types\/post"}],"author":[{"embeddable":true,"href":"https:\/\/archive.sana.sy\/tr\/index.php?rest_route=\/wp\/v2\/users\/1"}],"replies":[{"embeddable":true,"href":"https:\/\/archive.sana.sy\/tr\/index.php?rest_route=%2Fwp%2Fv2%2Fcomments&post=52098"}],"version-history":[{"count":0,"href":"https:\/\/archive.sana.sy\/tr\/index.php?rest_route=\/wp\/v2\/posts\/52098\/revisions"}],"wp:featuredmedia":[{"embeddable":true,"href":"https:\/\/archive.sana.sy\/tr\/index.php?rest_route=\/wp\/v2\/media\/52106"}],"wp:attachment":[{"href":"https:\/\/archive.sana.sy\/tr\/index.php?rest_route=%2Fwp%2Fv2%2Fmedia&parent=52098"}],"wp:term":[{"taxonomy":"category","embeddable":true,"href":"https:\/\/archive.sana.sy\/tr\/index.php?rest_route=%2Fwp%2Fv2%2Fcategories&post=52098"},{"taxonomy":"post_tag","embeddable":true,"href":"https:\/\/archive.sana.sy\/tr\/index.php?rest_route=%2Fwp%2Fv2%2Ftags&post=52098"}],"curies":[{"name":"wp","href":"https:\/\/api.w.org\/{rel}","templated":true}]}}