{"id":52113,"date":"2015-11-12T14:32:50","date_gmt":"2015-11-12T12:32:50","guid":{"rendered":"http:\/\/www.sana.sy\/tr\/?p=52113"},"modified":"2015-11-12T14:32:50","modified_gmt":"2015-11-12T12:32:50","slug":"muallim-kuba-buyukelcisinin-guven-mektubunu-teslim-aldi","status":"publish","type":"post","link":"https:\/\/archive.sana.sy\/tr\/?p=52113","title":{"rendered":"Muallim K\u00fcba B\u00fcy\u00fckel\u00e7isinin G\u00fcven Mektubunu Teslim Ald\u0131"},"content":{"rendered":"<p>\u015eAM \u2013 Ba\u015fbakan Yard\u0131mc\u0131s\u0131 D\u0131\u015fi\u015fleri ve Gurbet\u00e7iler Bakan\u0131 Velid el Muallim bug\u00fcn K\u00fcba Cumhuriyetinin \u015eam\u2019a atad\u0131\u011f\u0131 yeni Ola\u011fan\u00fcst\u00fc ve Tam Yetkili B\u00fcy\u00fckel\u00e7i Rogerio Manuel Santana Rodriguez\u2019un g\u00fcven mektubunu teslim ald\u0131.<\/p>\n<p>G\u00fcven mektubu tesliminden sonra yap\u0131lan g\u00f6r\u00fc\u015fmede iki \u00fclke aras\u0131ndaki ili\u015fkiler ve bu ili\u015fkileri ekonomik, k\u00fclt\u00fcrel, ticari ve siyasi alanlarda geli\u015ftirme yollar\u0131 ele al\u0131nd\u0131. Ayr\u0131ca iki \u00fclkenin ortak meydan okumalara maruz kald\u0131klar\u0131na dikkat \u00e7ekilerek m\u00fccadelelerinde i\u015fbirli\u011fini peki\u015ftirmeleri \u00f6neminin alt\u0131 \u00e7izildi.<\/p>\n","protected":false},"excerpt":{"rendered":"<p>\u015eAM \u2013 Ba\u015fbakan Yard\u0131mc\u0131s\u0131 D\u0131\u015fi\u015fleri ve Gurbet\u00e7iler Bakan\u0131 Velid el Muallim bug\u00fcn K\u00fcba Cumhuriyetinin \u015eam\u2019a atad\u0131\u011f\u0131 yeni Ola\u011fan\u00fcst\u00fc ve Tam Yetkili B\u00fcy\u00fckel\u00e7i Rogerio Manuel Santana Rodriguez\u2019un g\u00fcven mektubunu teslim ald\u0131. G\u00fcven mektubu tesliminden sonra yap\u0131lan g\u00f6r\u00fc\u015fmede iki \u00fclke aras\u0131ndaki ili\u015fkiler ve bu ili\u015fkileri ekonomik, k\u00fclt\u00fcrel, ticari ve siyasi alanlarda geli\u015ftirme yollar\u0131 ele al\u0131nd\u0131. Ayr\u0131ca iki &hellip;<\/p>\n","protected":false},"author":1,"featured_media":52115,"comment_status":"closed","ping_status":"closed","sticky":false,"template":"","format":"standard","meta":{"footnotes":""},"categories":[479,447,478],"tags":[16772],"class_list":["post-52113","post","type-post","status-publish","format-standard","has-post-thumbnail","","category-haberler-yerel","category-politika","category-yerel","tag-basbakan-yardimcisi-disisleri-ve-gurbetciler-bakani-velid-el-muallim"],"_links":{"self":[{"href":"https:\/\/archive.sana.sy\/tr\/index.php?rest_route=\/wp\/v2\/posts\/52113","targetHints":{"allow":["GET"]}}],"collection":[{"href":"https:\/\/archive.sana.sy\/tr\/index.php?rest_route=\/wp\/v2\/posts"}],"about":[{"href":"https:\/\/archive.sana.sy\/tr\/index.php?rest_route=\/wp\/v2\/types\/post"}],"author":[{"embeddable":true,"href":"https:\/\/archive.sana.sy\/tr\/index.php?rest_route=\/wp\/v2\/users\/1"}],"replies":[{"embeddable":true,"href":"https:\/\/archive.sana.sy\/tr\/index.php?rest_route=%2Fwp%2Fv2%2Fcomments&post=52113"}],"version-history":[{"count":0,"href":"https:\/\/archive.sana.sy\/tr\/index.php?rest_route=\/wp\/v2\/posts\/52113\/revisions"}],"wp:featuredmedia":[{"embeddable":true,"href":"https:\/\/archive.sana.sy\/tr\/index.php?rest_route=\/wp\/v2\/media\/52115"}],"wp:attachment":[{"href":"https:\/\/archive.sana.sy\/tr\/index.php?rest_route=%2Fwp%2Fv2%2Fmedia&parent=52113"}],"wp:term":[{"taxonomy":"category","embeddable":true,"href":"https:\/\/archive.sana.sy\/tr\/index.php?rest_route=%2Fwp%2Fv2%2Fcategories&post=52113"},{"taxonomy":"post_tag","embeddable":true,"href":"https:\/\/archive.sana.sy\/tr\/index.php?rest_route=%2Fwp%2Fv2%2Ftags&post=52113"}],"curies":[{"name":"wp","href":"https:\/\/api.w.org\/{rel}","templated":true}]}}