{"id":52120,"date":"2015-11-12T15:49:50","date_gmt":"2015-11-12T13:49:50","guid":{"rendered":"http:\/\/www.sana.sy\/tr\/?p=52120"},"modified":"2015-11-12T15:49:50","modified_gmt":"2015-11-12T13:49:50","slug":"cumhurbaskani-el-esadin-yonlendirmeleri-dogrultusunda-basbakan-vail-el-halaki-bugun-duzeltme-hareketinin-45-yildonumu-munasebetiyle-tartusta-dreykis-barajinin-acilisini-yapti","status":"publish","type":"post","link":"https:\/\/archive.sana.sy\/tr\/?p=52120","title":{"rendered":"Cumhurba\u015fkan\u0131 el Esad\u2019\u0131n y\u00f6nlendirmeleri do\u011frultusunda Ba\u015fbakan Vail el Halaki bug\u00fcn D\u00fczeltme Hareketinin 45. Y\u0131ld\u00f6n\u00fcm\u00fc m\u00fcnasebetiyle Tartus\u2019ta Dreyki\u015f Baraj\u0131n\u0131n a\u00e7\u0131l\u0131\u015f\u0131n\u0131 yapt\u0131."},"content":{"rendered":"<p>Cumhurba\u015fkan\u0131 el Esad\u2019\u0131n y\u00f6nlendirmeleri do\u011frultusunda Ba\u015fbakan Vail el Halaki bug\u00fcn D\u00fczeltme Hareketinin 45. Y\u0131ld\u00f6n\u00fcm\u00fc m\u00fcnasebetiyle Tartus\u2019ta Dreyki\u015f Baraj\u0131n\u0131n a\u00e7\u0131l\u0131\u015f\u0131n\u0131 yapt\u0131.<\/p>\n","protected":false},"excerpt":{"rendered":"<p>Cumhurba\u015fkan\u0131 el Esad\u2019\u0131n y\u00f6nlendirmeleri do\u011frultusunda Ba\u015fbakan Vail el Halaki bug\u00fcn D\u00fczeltme Hareketinin 45. Y\u0131ld\u00f6n\u00fcm\u00fc m\u00fcnasebetiyle Tartus\u2019ta Dreyki\u015f Baraj\u0131n\u0131n a\u00e7\u0131l\u0131\u015f\u0131n\u0131 yapt\u0131.<\/p>\n","protected":false},"author":1,"featured_media":0,"comment_status":"closed","ping_status":"closed","sticky":false,"template":"","format":"standard","meta":{"footnotes":""},"categories":[1],"tags":[],"class_list":["post-52120","post","type-post","status-publish","format-standard","","category-news-not-sorted"],"_links":{"self":[{"href":"https:\/\/archive.sana.sy\/tr\/index.php?rest_route=\/wp\/v2\/posts\/52120","targetHints":{"allow":["GET"]}}],"collection":[{"href":"https:\/\/archive.sana.sy\/tr\/index.php?rest_route=\/wp\/v2\/posts"}],"about":[{"href":"https:\/\/archive.sana.sy\/tr\/index.php?rest_route=\/wp\/v2\/types\/post"}],"author":[{"embeddable":true,"href":"https:\/\/archive.sana.sy\/tr\/index.php?rest_route=\/wp\/v2\/users\/1"}],"replies":[{"embeddable":true,"href":"https:\/\/archive.sana.sy\/tr\/index.php?rest_route=%2Fwp%2Fv2%2Fcomments&post=52120"}],"version-history":[{"count":0,"href":"https:\/\/archive.sana.sy\/tr\/index.php?rest_route=\/wp\/v2\/posts\/52120\/revisions"}],"wp:attachment":[{"href":"https:\/\/archive.sana.sy\/tr\/index.php?rest_route=%2Fwp%2Fv2%2Fmedia&parent=52120"}],"wp:term":[{"taxonomy":"category","embeddable":true,"href":"https:\/\/archive.sana.sy\/tr\/index.php?rest_route=%2Fwp%2Fv2%2Fcategories&post=52120"},{"taxonomy":"post_tag","embeddable":true,"href":"https:\/\/archive.sana.sy\/tr\/index.php?rest_route=%2Fwp%2Fv2%2Ftags&post=52120"}],"curies":[{"name":"wp","href":"https:\/\/api.w.org\/{rel}","templated":true}]}}