{"id":5214,"date":"2014-07-14T14:45:10","date_gmt":"2014-07-14T11:45:10","guid":{"rendered":"\/tr\/?p=5214"},"modified":"2014-07-15T13:41:22","modified_gmt":"2014-07-15T10:41:22","slug":"ramazan-ayi-munasebetiyle-10-bin-yardim-paketi-dagitiliyor","status":"publish","type":"post","link":"https:\/\/archive.sana.sy\/tr\/?p=5214","title":{"rendered":"Ramazan Ay\u0131 M\u00fcnasebetiyle 10 Bin Yard\u0131m Paketi Da\u011f\u0131t\u0131l\u0131yor"},"content":{"rendered":"<p>\u015eAM KIRSALI \u2013 Avrupal\u0131 Vefa Kampanyas\u0131; Suriye&#8217;deki kriz nedeniyle zor durumda olan ailelerin sorunlar\u0131 hafifletme amac\u0131yla bug\u00fcn \u2018Suriye&#8217;deki Yak\u0131nlar\u0131m\u0131za Vefa\u2019 slogan\u0131 alt\u0131nda onuncu yard\u0131m konvoyunu start etti.<\/p>\n<p>Kampanya Koordinat\u00f6r\u00fc Emin Ebu Ra\u015fid, konvoyun L\u00fcbnan ile Suriye aras\u0131ndaki Cedeyde Yabus s\u0131n\u0131r kap\u0131s\u0131na ula\u015ft\u0131\u011f\u0131 s\u0131rada gazetecilere yapt\u0131\u011f\u0131 a\u00e7\u0131klamada; konvoyun Suriye\u2019de bulunan ter\u00f6r ma\u011fdurlar\u0131 i\u00e7in g\u0131da yard\u0131m\u0131 ta\u015f\u0131d\u0131\u011f\u0131na i\u015faret ederek M\u00fcbarek Ramazan ay\u0131 m\u00fcnasebetiyle 10 bin adet yard\u0131m sepetinin ihtiya\u00e7 sahiplerine ula\u015ft\u0131r\u0131laca\u011f\u0131n\u0131 beyan etti.<\/p>\n<p>Kampanyan\u0131n Avrupa\u2019da uluslararas\u0131 ve Filistinli sivil toplum \u00f6rg\u00fctlerin giri\u015fimi ile d\u00fczenlendi\u011fine i\u015faret eden Ebu Ra\u015fit; ge\u00e7ti\u011fimiz May\u0131s ay\u0131ndan bu yana kampanya \u00e7er\u00e7evesinde Suriye\u2019deki ma\u011fdurlar i\u00e7in bir\u00e7ok konvoy g\u00f6nderildi\u011fini belirtti.<\/p>\n<p>Kampanya kat\u0131l\u0131mc\u0131lar\u0131ndan Mazin Kheyl de yapt\u0131\u011f\u0131 a\u00e7\u0131klamada insani yard\u0131m kampanyalar\u0131n\u0131n devam edece\u011fine dikkat \u00e7ekerek Suriye\u2019ye birbiri ard\u0131na ula\u015facak yeni konvoylar d\u00fczenlenmekte oldu\u011funun alt\u0131n\u0131 \u00e7izdi.<\/p>\n","protected":false},"excerpt":{"rendered":"<p>\u015eAM KIRSALI \u2013 Avrupal\u0131 Vefa Kampanyas\u0131; Suriye&#8217;deki kriz nedeniyle zor durumda olan ailelerin sorunlar\u0131 hafifletme amac\u0131yla bug\u00fcn \u2018Suriye&#8217;deki Yak\u0131nlar\u0131m\u0131za Vefa\u2019 slogan\u0131 alt\u0131nda onuncu yard\u0131m konvoyunu start etti. Kampanya Koordinat\u00f6r\u00fc Emin Ebu Ra\u015fid, konvoyun L\u00fcbnan ile Suriye aras\u0131ndaki Cedeyde Yabus s\u0131n\u0131r kap\u0131s\u0131na ula\u015ft\u0131\u011f\u0131 s\u0131rada gazetecilere yapt\u0131\u011f\u0131 a\u00e7\u0131klamada; konvoyun Suriye\u2019de bulunan ter\u00f6r ma\u011fdurlar\u0131 i\u00e7in g\u0131da yard\u0131m\u0131 ta\u015f\u0131d\u0131\u011f\u0131na &hellip;<\/p>\n","protected":false},"author":1,"featured_media":5215,"comment_status":"closed","ping_status":"closed","sticky":false,"template":"","format":"standard","meta":{"footnotes":""},"categories":[479,478],"tags":[1135],"class_list":["post-5214","post","type-post","status-publish","format-standard","has-post-thumbnail","","category-haberler-yerel","category-yerel","tag-ramazan-ayi-munasebetiyle-10-bin-yardim-paketi-dagitiliyor"],"_links":{"self":[{"href":"https:\/\/archive.sana.sy\/tr\/index.php?rest_route=\/wp\/v2\/posts\/5214","targetHints":{"allow":["GET"]}}],"collection":[{"href":"https:\/\/archive.sana.sy\/tr\/index.php?rest_route=\/wp\/v2\/posts"}],"about":[{"href":"https:\/\/archive.sana.sy\/tr\/index.php?rest_route=\/wp\/v2\/types\/post"}],"author":[{"embeddable":true,"href":"https:\/\/archive.sana.sy\/tr\/index.php?rest_route=\/wp\/v2\/users\/1"}],"replies":[{"embeddable":true,"href":"https:\/\/archive.sana.sy\/tr\/index.php?rest_route=%2Fwp%2Fv2%2Fcomments&post=5214"}],"version-history":[{"count":0,"href":"https:\/\/archive.sana.sy\/tr\/index.php?rest_route=\/wp\/v2\/posts\/5214\/revisions"}],"wp:featuredmedia":[{"embeddable":true,"href":"https:\/\/archive.sana.sy\/tr\/index.php?rest_route=\/wp\/v2\/media\/5215"}],"wp:attachment":[{"href":"https:\/\/archive.sana.sy\/tr\/index.php?rest_route=%2Fwp%2Fv2%2Fmedia&parent=5214"}],"wp:term":[{"taxonomy":"category","embeddable":true,"href":"https:\/\/archive.sana.sy\/tr\/index.php?rest_route=%2Fwp%2Fv2%2Fcategories&post=5214"},{"taxonomy":"post_tag","embeddable":true,"href":"https:\/\/archive.sana.sy\/tr\/index.php?rest_route=%2Fwp%2Fv2%2Ftags&post=5214"}],"curies":[{"name":"wp","href":"https:\/\/api.w.org\/{rel}","templated":true}]}}