{"id":52141,"date":"2015-11-13T12:17:45","date_gmt":"2015-11-13T10:17:45","guid":{"rendered":"http:\/\/www.sana.sy\/tr\/?p=52141"},"modified":"2015-11-13T12:17:45","modified_gmt":"2015-11-13T10:17:45","slug":"cumhurbaskani-el-esadin-yonlendirmeleri-dogrultusunda-basbakan-vail-el-halaki-duzeltme-hareketinin-45-yildonumu-munasebetiyle-lazkiye-ilinde-13-milyar-lira-maliyetinde-hizmet-projelerinin-temel-tas","status":"publish","type":"post","link":"https:\/\/archive.sana.sy\/tr\/?p=52141","title":{"rendered":"Cumhurba\u015fkan\u0131 el Esad&#8217;\u0131n y\u00f6nlendirmeleri do\u011frultusunda Ba\u015fbakan Vail el Halaki D\u00fczeltme Hareketinin 45. y\u0131ld\u00f6n\u00fcm\u00fc m\u00fcnasebetiyle Lazkiye ilinde 13 milyar lira maliyetinde hizmet projelerinin temel ta\u015f\u0131n\u0131 atarken bir k\u0131sm\u0131n\u0131 da hizmete a\u00e7t\u0131"},"content":{"rendered":"<div id=\":54.ma\" class=\"Mu SP\">\n<div id=\":54.co\" class=\"tL8wMe xAWnQc\" dir=\"ltr\"><span dir=\"ltr\">Cumhurba\u015fkan\u0131 el Esad&#8217;\u0131n y\u00f6nlendirmeleri do\u011frultusunda Ba\u015fbakan Vail el Halaki D\u00fczeltme Hareketinin 45. y\u0131ld\u00f6n\u00fcm\u00fc m\u00fcnasebetiyle Lazkiye ilinde 13 milyar lira maliyetinde hizmet projelerinin temel ta\u015f\u0131n\u0131 atarken bir k\u0131sm\u0131n\u0131 da hizmete a\u00e7t\u0131<\/span><\/div>\n<\/div>\n","protected":false},"excerpt":{"rendered":"<p>Cumhurba\u015fkan\u0131 el Esad&#8217;\u0131n y\u00f6nlendirmeleri do\u011frultusunda Ba\u015fbakan Vail el Halaki D\u00fczeltme Hareketinin 45. y\u0131ld\u00f6n\u00fcm\u00fc m\u00fcnasebetiyle Lazkiye ilinde 13 milyar lira maliyetinde hizmet projelerinin temel ta\u015f\u0131n\u0131 atarken bir k\u0131sm\u0131n\u0131 da hizmete a\u00e7t\u0131<\/p>\n","protected":false},"author":1,"featured_media":0,"comment_status":"closed","ping_status":"closed","sticky":false,"template":"","format":"standard","meta":{"footnotes":""},"categories":[1],"tags":[],"class_list":["post-52141","post","type-post","status-publish","format-standard","","category-news-not-sorted"],"_links":{"self":[{"href":"https:\/\/archive.sana.sy\/tr\/index.php?rest_route=\/wp\/v2\/posts\/52141","targetHints":{"allow":["GET"]}}],"collection":[{"href":"https:\/\/archive.sana.sy\/tr\/index.php?rest_route=\/wp\/v2\/posts"}],"about":[{"href":"https:\/\/archive.sana.sy\/tr\/index.php?rest_route=\/wp\/v2\/types\/post"}],"author":[{"embeddable":true,"href":"https:\/\/archive.sana.sy\/tr\/index.php?rest_route=\/wp\/v2\/users\/1"}],"replies":[{"embeddable":true,"href":"https:\/\/archive.sana.sy\/tr\/index.php?rest_route=%2Fwp%2Fv2%2Fcomments&post=52141"}],"version-history":[{"count":0,"href":"https:\/\/archive.sana.sy\/tr\/index.php?rest_route=\/wp\/v2\/posts\/52141\/revisions"}],"wp:attachment":[{"href":"https:\/\/archive.sana.sy\/tr\/index.php?rest_route=%2Fwp%2Fv2%2Fmedia&parent=52141"}],"wp:term":[{"taxonomy":"category","embeddable":true,"href":"https:\/\/archive.sana.sy\/tr\/index.php?rest_route=%2Fwp%2Fv2%2Fcategories&post=52141"},{"taxonomy":"post_tag","embeddable":true,"href":"https:\/\/archive.sana.sy\/tr\/index.php?rest_route=%2Fwp%2Fv2%2Ftags&post=52141"}],"curies":[{"name":"wp","href":"https:\/\/api.w.org\/{rel}","templated":true}]}}