{"id":52148,"date":"2015-11-13T09:00:39","date_gmt":"2015-11-13T07:00:39","guid":{"rendered":"http:\/\/www.sana.sy\/tr\/?p=52148"},"modified":"2015-11-13T13:28:27","modified_gmt":"2015-11-13T11:28:27","slug":"fransiz-heyet-lahham-ve-sam-ticaret-odasiyla-gorustu","status":"publish","type":"post","link":"https:\/\/archive.sana.sy\/tr\/?p=52148","title":{"rendered":"Frans\u0131z Heyet Lahham ve \u015eam Ticaret Odas\u0131yla G\u00f6r\u00fc\u015ft\u00fc"},"content":{"rendered":"<p>\u015eAM \u2013 Halk Meclisi Ba\u015fkan\u0131 Muhammed Cihat el Lahham d\u00fcn Fransa Ulusal Cemiyetinde D\u0131\u015f \u0130li\u015fkiler Komitesi \u00fcyesi Thierry Mariani ba\u015fkanl\u0131\u011f\u0131nda Suriye&#8217;yi ziyaret eden Frans\u0131z heyeti kabul etti.<\/p>\n<p><a href=\"http:\/\/www.sana.sy\/tr\/wp-content\/uploads\/2015\/11\/Lahham-2.jpg\"><img loading=\"lazy\" decoding=\"async\" class=\"alignright wp-image-52151 size-medium\" src=\"http:\/\/www.sana.sy\/tr\/wp-content\/uploads\/2015\/11\/Lahham-2-300x150.jpg\" alt=\"Lahham 2\" width=\"300\" height=\"150\" srcset=\"https:\/\/archive.sana.sy\/tr\/wp-content\/uploads\/2015\/11\/Lahham-2-300x150.jpg 300w, https:\/\/archive.sana.sy\/tr\/wp-content\/uploads\/2015\/11\/Lahham-2-150x75.jpg 150w, https:\/\/archive.sana.sy\/tr\/wp-content\/uploads\/2015\/11\/Lahham-2.jpg 660w\" sizes=\"auto, (max-width: 300px) 100vw, 300px\" \/><\/a>Lahham g\u00f6r\u00fc\u015fmede d\u00fcnya genelindeki kriz ve anla\u015fmazl\u0131klar\u0131n \u00e7\u00f6z\u00fclmesiyle birlikte kamuoyunun ger\u00e7eklerle bilin\u00e7lendirilmesi ve ter\u00f6rle m\u00fccadelede b\u00f6lgesel ve uluslar aras\u0131 d\u00fczeyde parlamenter \u00e7al\u0131\u015fmalar\u0131n \u00f6nemine dikkat \u00e7ekti.<\/p>\n<p>Lahham Suriye&#8217;nin d\u00f6rt y\u0131ldan fazla bir s\u00fcredir maruz kald\u0131\u011f\u0131 evrensel ter\u00f6r ve Suriye&#8217;deki son durumlara \u0131\u015f\u0131k tutarken; Suriye&#8217;nin binlerce y\u0131ll\u0131k tarihini, halk\u0131n\u0131, k\u00fclt\u00fcr\u00fcn\u00fc ve zenginliklerini hedef alan bu sava\u015fta b\u00f6lgesel ve Bat\u0131l\u0131 kimi devletlerin ter\u00f6re desteklerine spot tuttu.<\/p>\n<p>G\u00f6r\u00fc\u015fmenin ard\u0131ndan bas\u0131na a\u00e7\u0131klama yapan konuk heyet ba\u015fkan\u0131 Mariani; Fransa halk\u0131n\u0131n Suriye&#8217;de g\u00fcvenlik ve istikrar\u0131n en k\u0131sa zamanda sa\u011flanmas\u0131n\u0131 temenni etti\u011fini s\u00f6yledi.<\/p>\n<p><span style=\"color: #0000ff\">Yeniden \u0130\u015fbirli\u011fi Olanaklar\u0131 De\u011ferlendirildi<\/span><\/p>\n<p>Di\u011fer yandan konuk Frans\u0131z heyet \u015eam Ticaret Odas\u0131 y\u00f6netim kurulu ba\u015fkan\u0131 ve \u00fcyeleri ile bir araya geldi.<\/p>\n<p>Suriye ve Fransa aras\u0131ndaki ticari ve ekonomik i\u015fbirli\u011finin yeniden ba\u015flat\u0131lmas\u0131 olanaklar\u0131n\u0131n ele al\u0131nd\u0131\u011f\u0131 g\u00f6r\u00fc\u015fmede Suriye ve halk\u0131na uygulanan ekonomik yapt\u0131r\u0131mlar g\u00f6lgesinde Suriyelilerin muhtelif t\u00fcr ihtiya\u00e7lar\u0131n\u0131n kar\u015f\u0131lanmas\u0131 yollar\u0131 de\u011ferlendirildi.<\/p>\n<p>\u015eam Ticaret Odas\u0131 Ba\u015fkan\u0131 Muhammed Gassan Kallaa; iki \u00fclke halklar\u0131 aras\u0131ndaki ili\u015fkilerin metanetine dikkat \u00e7ekerken; fakat Fransa h\u00fck\u00fcmetinin bu ili\u015fkileri baltalamaya \u00e7al\u0131\u015ft\u0131\u011f\u0131n\u0131 s\u00f6yledi. Kallaa Suriye&#8217;deki sava\u015f\u0131n er yada ge\u00e7 sona erece\u011fini ve Suriye&#8217;nin eskisinden daha g\u00fc\u00e7l\u00fc hale gelece\u011fini ifade etti.<\/p>\n<p>Frans\u0131z heyet \u00fcyeleri Suriye&#8217;ye uygulanan kat\u0131 ekonomik yapt\u0131r\u0131mlar\u0131n g\u0131da ve ila\u00e7lar\u0131 kapsamas\u0131yla temelde Suriye halk\u0131n\u0131 hedef ald\u0131\u011f\u0131na dikkat \u00e7ekti.<\/p>\n<p><a href=\"http:\/\/www.sana.sy\/tr\/wp-content\/uploads\/2015\/11\/Lahham-1.jpg\"><img loading=\"lazy\" decoding=\"async\" class=\"alignright wp-image-52150 size-medium\" src=\"http:\/\/www.sana.sy\/tr\/wp-content\/uploads\/2015\/11\/Lahham-1-300x168.jpg\" alt=\"Lahham 1\" width=\"300\" height=\"168\" srcset=\"https:\/\/archive.sana.sy\/tr\/wp-content\/uploads\/2015\/11\/Lahham-1-300x168.jpg 300w, https:\/\/archive.sana.sy\/tr\/wp-content\/uploads\/2015\/11\/Lahham-1-150x84.jpg 150w, https:\/\/archive.sana.sy\/tr\/wp-content\/uploads\/2015\/11\/Lahham-1.jpg 660w\" sizes=\"auto, (max-width: 300px) 100vw, 300px\" \/><\/a>Heyet ba\u015fkan\u0131 yapt\u0131r\u0131mlar\u0131n AB taraf\u0131ndan al\u0131nd\u0131\u011f\u0131n\u0131 ve Fransa\u2019n\u0131n d\u0131\u015f politikas\u0131na tabi oldu\u011funu ifade ederken, yine de Fransa parlamentosu ve kamuoyunda tart\u0131\u015f\u0131labilece\u011fini s\u00f6yledi. Suriye&#8217;ye ziyaretlerinin de bir amac\u0131 bu oldu\u011funu belirten Mariani; Fransa\u2019n\u0131n Suriye konusunda tarafs\u0131z bir politika izlemesi temennisinde bulundu.<\/p>\n<p>Frans\u0131z heyette 5 parlamenterin yan\u0131 s\u0131ra i\u015fadamlar\u0131, ayd\u0131n ve gazetecilerden olu\u015fuyor.<\/p>\n<p>https:\/\/www.youtube.com\/watch?v=IXBFZn0JpQM<\/p>\n","protected":false},"excerpt":{"rendered":"<p>\u015eAM \u2013 Halk Meclisi Ba\u015fkan\u0131 Muhammed Cihat el Lahham d\u00fcn Fransa Ulusal Cemiyetinde D\u0131\u015f \u0130li\u015fkiler Komitesi \u00fcyesi Thierry Mariani ba\u015fkanl\u0131\u011f\u0131nda Suriye&#8217;yi ziyaret eden Frans\u0131z heyeti kabul etti. Lahham g\u00f6r\u00fc\u015fmede d\u00fcnya genelindeki kriz ve anla\u015fmazl\u0131klar\u0131n \u00e7\u00f6z\u00fclmesiyle birlikte kamuoyunun ger\u00e7eklerle bilin\u00e7lendirilmesi ve ter\u00f6rle m\u00fccadelede b\u00f6lgesel ve uluslar aras\u0131 d\u00fczeyde parlamenter \u00e7al\u0131\u015fmalar\u0131n \u00f6nemine dikkat \u00e7ekti. Lahham Suriye&#8217;nin d\u00f6rt &hellip;<\/p>\n","protected":false},"author":1,"featured_media":52149,"comment_status":"closed","ping_status":"closed","sticky":false,"template":"","format":"standard","meta":{"footnotes":""},"categories":[479,478],"tags":[17692],"class_list":["post-52148","post","type-post","status-publish","format-standard","has-post-thumbnail","","category-haberler-yerel","category-yerel","tag-fransiz-heyet-lahham-ve-sam-ticaret-odasiyla-gorustu"],"_links":{"self":[{"href":"https:\/\/archive.sana.sy\/tr\/index.php?rest_route=\/wp\/v2\/posts\/52148","targetHints":{"allow":["GET"]}}],"collection":[{"href":"https:\/\/archive.sana.sy\/tr\/index.php?rest_route=\/wp\/v2\/posts"}],"about":[{"href":"https:\/\/archive.sana.sy\/tr\/index.php?rest_route=\/wp\/v2\/types\/post"}],"author":[{"embeddable":true,"href":"https:\/\/archive.sana.sy\/tr\/index.php?rest_route=\/wp\/v2\/users\/1"}],"replies":[{"embeddable":true,"href":"https:\/\/archive.sana.sy\/tr\/index.php?rest_route=%2Fwp%2Fv2%2Fcomments&post=52148"}],"version-history":[{"count":0,"href":"https:\/\/archive.sana.sy\/tr\/index.php?rest_route=\/wp\/v2\/posts\/52148\/revisions"}],"wp:featuredmedia":[{"embeddable":true,"href":"https:\/\/archive.sana.sy\/tr\/index.php?rest_route=\/wp\/v2\/media\/52149"}],"wp:attachment":[{"href":"https:\/\/archive.sana.sy\/tr\/index.php?rest_route=%2Fwp%2Fv2%2Fmedia&parent=52148"}],"wp:term":[{"taxonomy":"category","embeddable":true,"href":"https:\/\/archive.sana.sy\/tr\/index.php?rest_route=%2Fwp%2Fv2%2Fcategories&post=52148"},{"taxonomy":"post_tag","embeddable":true,"href":"https:\/\/archive.sana.sy\/tr\/index.php?rest_route=%2Fwp%2Fv2%2Ftags&post=52148"}],"curies":[{"name":"wp","href":"https:\/\/api.w.org\/{rel}","templated":true}]}}