{"id":52152,"date":"2015-11-13T17:17:04","date_gmt":"2015-11-13T15:17:04","guid":{"rendered":"http:\/\/www.sana.sy\/tr\/?p=52152"},"modified":"2015-11-14T18:38:26","modified_gmt":"2015-11-14T16:38:26","slug":"kahramanlarimiz-buyuk-zafere-kararli-ilerleyislerini-surduruyorlar-4","status":"publish","type":"post","link":"https:\/\/archive.sana.sy\/tr\/?p=52152","title":{"rendered":"Kahramanlar\u0131m\u0131z B\u00fcy\u00fck Zafere Kararl\u0131 \u0130lerleyi\u015flerini S\u00fcrd\u00fcr\u00fcyorlar"},"content":{"rendered":"<p>\u0130LLER \u2013 Kahraman ordu birliklerimiz halk\u0131m\u0131zdan ve vatana duyduklar\u0131 b\u00fcy\u00fck ba\u011fl\u0131l\u0131ktan ald\u0131klar\u0131 azim ve g\u00fc\u00e7le silahl\u0131 ter\u00f6r gruplar\u0131n\u0131 \u00fclke topraklar\u0131ndan tamamen yok edecekleri b\u00fcy\u00fck zafere do\u011fru kararl\u0131 ilerleyi\u015flerini s\u00fcrd\u00fcr\u00fcyorlar.<\/p>\n<p><span style=\"color: #0000ff\">HALEP:<\/span><\/p>\n<p>SANA\u2019ya a\u00e7\u0131klama yapan askeri bir kaynak; ordu birliklerimizin halk savunma g\u00fc\u00e7leriyle i\u015fbirli\u011fi i\u00e7inde Halep k\u0131rsal\u0131n\u0131n g\u00fcneybat\u0131s\u0131nda ihvanc\u0131 Erdo\u011fan rejimine ba\u011fl\u0131 radikal ter\u00f6r \u00f6rg\u00fctlere y\u00f6nelik ba\u015far\u0131l\u0131 operasyonlar\u0131n\u0131 s\u00fcrd\u00fcrd\u00fcklerini ifade etti.<\/p>\n<p>Kaynak; ordu birliklerimizin el \u0130yes Tepesinin g\u00fcney ve g\u00fcneybat\u0131s\u0131na d\u00fc\u015fen Tel Pacir, Tliylat, Meryoda ve Hurbet el Kosa b\u00f6lgelerini ter\u00f6ristlerden temizleyerek kontrollerine ald\u0131klar\u0131n\u0131 aktard\u0131.<\/p>\n<p>G\u00fcn i\u00e7inde a\u00e7\u0131klama yapan bir kaynak; ordu birliklerimizin halk savunma g\u00fc\u00e7leriyle i\u015fbirli\u011fi i\u00e7inde Halep k\u0131rsal\u0131n\u0131n g\u00fcneybat\u0131s\u0131 el \u0130yes ve Banys k\u00f6ylerini de kontrollerine ge\u00e7irdiklerini belirtti.<\/p>\n<p>Kaynak; ordu birliklerimizin halk savunma g\u00fc\u00e7leriyle i\u015fbirli\u011fi i\u00e7inde Halep k\u0131rsal\u0131n\u0131n g\u00fcneybat\u0131s\u0131 Tel Hadiye ve Rasm Sahric b\u00f6lgelerini ter\u00f6rden temizleyip kontrollerine ge\u00e7irdiklerini beyan etti.<\/p>\n<p><span style=\"color: #0000ff\">DERA:<\/span><\/p>\n<p>\u00d6te yandan Dera ve k\u0131rsal\u0131nda \u0130srail\u2019den destek alan ter\u00f6ristlerin siper ve mevkilerini yo\u011fun ate\u015fe tutan ordu birliklerimiz; Dera\u2019n\u0131n Hamide el Tahir \u2013 Nazihin Kamp\u0131 yolunda a\u011f\u0131r silahlarla donat\u0131lm\u0131\u015f bir arac\u0131 ta\u015f\u0131d\u0131\u011f\u0131 ter\u00f6rist ve cephaneyle birlikte imha etti.<\/p>\n<p>Dera Kentinin yakla\u015f\u0131k 5 km kuzeyine d\u00fc\u015fen Etman Beldesinde ise ordu birliklerimiz Nusra Cephesinden bir\u00e7ok ter\u00f6risti \u00f6l\u00fc ve yaral\u0131 d\u00fc\u015f\u00fcr\u00fcp havzalar\u0131nda bulunan silah ve m\u00fchimmatlar\u0131n\u0131 da yok etti.<\/p>\n<p><span style=\"color: #0000ff\">LAZK\u0130YE ve HAMA:<\/span><\/p>\n<p>Askeri kaynak; ordu birliklerimizin halk savunma g\u00fc\u00e7leriyle i\u015fbirli\u011fi i\u00e7inde Hama ve Lazkiye k\u0131rsallar\u0131 Karora Da\u011f\u0131 ve Hassune Tepesinde ter\u00f6ristlerin son mevkilerini imha edip kontrollerine ald\u0131klar\u0131n\u0131 ifade etti. Kaynak; operasyonlarda aralar\u0131nda yapanc\u0131 uyruklular\u0131n\u0131n bulundu\u011fu y\u00fcksek say\u0131da ter\u00f6ristin \u00f6l\u00fc ve yaral\u0131 d\u00fc\u015f\u00fcr\u00fcld\u00fc\u011f\u00fcn\u00fc, silah ve m\u00fchimmatlar\u0131n\u0131n da imha edildi\u011fine dikkat \u00e7ekti.<\/p>\n","protected":false},"excerpt":{"rendered":"<p>\u0130LLER \u2013 Kahraman ordu birliklerimiz halk\u0131m\u0131zdan ve vatana duyduklar\u0131 b\u00fcy\u00fck ba\u011fl\u0131l\u0131ktan ald\u0131klar\u0131 azim ve g\u00fc\u00e7le silahl\u0131 ter\u00f6r gruplar\u0131n\u0131 \u00fclke topraklar\u0131ndan tamamen yok edecekleri b\u00fcy\u00fck zafere do\u011fru kararl\u0131 ilerleyi\u015flerini s\u00fcrd\u00fcr\u00fcyorlar. HALEP: SANA\u2019ya a\u00e7\u0131klama yapan askeri bir kaynak; ordu birliklerimizin halk savunma g\u00fc\u00e7leriyle i\u015fbirli\u011fi i\u00e7inde Halep k\u0131rsal\u0131n\u0131n g\u00fcneybat\u0131s\u0131nda ihvanc\u0131 Erdo\u011fan rejimine ba\u011fl\u0131 radikal ter\u00f6r \u00f6rg\u00fctlere y\u00f6nelik ba\u015far\u0131l\u0131 &hellip;<\/p>\n","protected":false},"author":1,"featured_media":52154,"comment_status":"closed","ping_status":"closed","sticky":false,"template":"","format":"standard","meta":{"footnotes":""},"categories":[575],"tags":[],"class_list":["post-52152","post","type-post","status-publish","format-standard","has-post-thumbnail","","category-olaylar-ve-gercekler"],"_links":{"self":[{"href":"https:\/\/archive.sana.sy\/tr\/index.php?rest_route=\/wp\/v2\/posts\/52152","targetHints":{"allow":["GET"]}}],"collection":[{"href":"https:\/\/archive.sana.sy\/tr\/index.php?rest_route=\/wp\/v2\/posts"}],"about":[{"href":"https:\/\/archive.sana.sy\/tr\/index.php?rest_route=\/wp\/v2\/types\/post"}],"author":[{"embeddable":true,"href":"https:\/\/archive.sana.sy\/tr\/index.php?rest_route=\/wp\/v2\/users\/1"}],"replies":[{"embeddable":true,"href":"https:\/\/archive.sana.sy\/tr\/index.php?rest_route=%2Fwp%2Fv2%2Fcomments&post=52152"}],"version-history":[{"count":0,"href":"https:\/\/archive.sana.sy\/tr\/index.php?rest_route=\/wp\/v2\/posts\/52152\/revisions"}],"wp:featuredmedia":[{"embeddable":true,"href":"https:\/\/archive.sana.sy\/tr\/index.php?rest_route=\/wp\/v2\/media\/52154"}],"wp:attachment":[{"href":"https:\/\/archive.sana.sy\/tr\/index.php?rest_route=%2Fwp%2Fv2%2Fmedia&parent=52152"}],"wp:term":[{"taxonomy":"category","embeddable":true,"href":"https:\/\/archive.sana.sy\/tr\/index.php?rest_route=%2Fwp%2Fv2%2Fcategories&post=52152"},{"taxonomy":"post_tag","embeddable":true,"href":"https:\/\/archive.sana.sy\/tr\/index.php?rest_route=%2Fwp%2Fv2%2Ftags&post=52152"}],"curies":[{"name":"wp","href":"https:\/\/api.w.org\/{rel}","templated":true}]}}