{"id":52192,"date":"2015-11-14T19:50:20","date_gmt":"2015-11-14T17:50:20","guid":{"rendered":"http:\/\/www.sana.sy\/tr\/?p=52192"},"modified":"2015-11-15T16:41:49","modified_gmt":"2015-11-15T14:41:49","slug":"el-esad-fransiz-heyeti-kabul-etti","status":"publish","type":"post","link":"https:\/\/archive.sana.sy\/tr\/?p=52192","title":{"rendered":"Suriye&#8217;de Ya\u015fananlardan Ayr\u0131 Tutmak M\u00fcmk\u00fcn De\u011fildir"},"content":{"rendered":"<p>\u015eAM \u2013 Cumhurba\u015fkan\u0131 Be\u015f\u015far el Esad bug\u00fcn Suriye&#8217;yi ziyaret etmekte olan Frans\u0131z heyeti kabul etti.<\/p>\n<p><a href=\"http:\/\/www.sana.sy\/tr\/wp-content\/uploads\/2015\/11\/Esad.jpg\"><img loading=\"lazy\" decoding=\"async\" class=\"alignright wp-image-52291 \" src=\"http:\/\/www.sana.sy\/tr\/wp-content\/uploads\/2015\/11\/Esad-300x200.jpg\" alt=\"Esad\" width=\"273\" height=\"182\" srcset=\"https:\/\/archive.sana.sy\/tr\/wp-content\/uploads\/2015\/11\/Esad-300x200.jpg 300w, https:\/\/archive.sana.sy\/tr\/wp-content\/uploads\/2015\/11\/Esad-150x100.jpg 150w, https:\/\/archive.sana.sy\/tr\/wp-content\/uploads\/2015\/11\/Esad.jpg 1000w\" sizes=\"auto, (max-width: 273px) 100vw, 273px\" \/><\/a>Frans\u0131z Parlamenter Thierry Mariani ba\u015fkanl\u0131\u011f\u0131nda Suriye halk\u0131yla dayan\u0131\u015fma ve ya\u015fananlar\u0131 yak\u0131ndan g\u00f6rme amac\u0131yla Suriye&#8217;yi ziyaret eden heyet Frans\u0131z parlamenterler, gazeteciler ayd\u0131n ve i\u015fadamlar\u0131ndan olu\u015fuyor.<\/p>\n<p>G\u00f6r\u00fc\u015fmede el Esad Fransa\u2019n\u0131n ba\u015fkenti Paris\u2019te meydana gelen ter\u00f6r sald\u0131r\u0131lar\u0131 son olarak L\u00fcbnan&#8217;\u0131n ba\u015fkenti Beyrut\u2019un G\u00fcney Banliy\u00f6s\u00fcnde meydana gelen ter\u00f6r sald\u0131r\u0131lar\u0131n\u0131n yan\u0131 s\u0131ra be\u015f y\u0131la yak\u0131n s\u00fcredir Suriye&#8217;de ya\u015fananlardan ayr\u0131 olarak tutman\u0131n m\u00fcmk\u00fcn olmad\u0131\u011f\u0131n\u0131 belirtti. El Esad ter\u00f6r\u00fcn her yerde bir oldu\u011funu, s\u0131n\u0131r, \u00fclke ya da \u0131rk tan\u0131mad\u0131\u011f\u0131n\u0131n alt\u0131n\u0131 \u00e7izdi.<\/p>\n<p><a href=\"http:\/\/www.sana.sy\/tr\/wp-content\/uploads\/2015\/11\/Esad-1.jpg\"><img loading=\"lazy\" decoding=\"async\" class=\"alignright wp-image-52293 size-medium\" src=\"http:\/\/www.sana.sy\/tr\/wp-content\/uploads\/2015\/11\/Esad-1-300x200.jpg\" alt=\"Esad 1\" width=\"300\" height=\"200\" srcset=\"https:\/\/archive.sana.sy\/tr\/wp-content\/uploads\/2015\/11\/Esad-1-300x200.jpg 300w, https:\/\/archive.sana.sy\/tr\/wp-content\/uploads\/2015\/11\/Esad-1-150x100.jpg 150w, https:\/\/archive.sana.sy\/tr\/wp-content\/uploads\/2015\/11\/Esad-1.jpg 1000w\" sizes=\"auto, (max-width: 300px) 100vw, 300px\" \/><\/a>\u00d6zellikle Fransa olmak \u00fczere Bat\u0131l\u0131 kimi devletlerin Ortado\u011fu&#8217;da ya\u015fananlar konusunda izledikleri yanl\u0131\u015f politikalar ve b\u00f6lgedeki m\u00fcttefiklerinin ter\u00f6re desteklerine g\u00f6z yummalar\u0131n\u0131n ter\u00f6r\u00fcn yay\u0131lmas\u0131na katk\u0131 sa\u011flad\u0131\u011f\u0131n\u0131n alt\u0131n\u0131 \u00e7izen el Esad; ter\u00f6r tehlikesine kar\u015f\u0131 yeni ve mant\u0131kl\u0131 bir politikan\u0131n izlenmesi ve etkin icraatlar\u0131n al\u0131nmas\u0131 gere\u011fini belirtti. El Esad bu ba\u011flamda ter\u00f6re askeri , lojistik, siyasi ve her t\u00fcrl\u00fc deste\u011fin kesilmesi, destekleyen devletlere kar\u015f\u0131 da cayd\u0131r\u0131c\u0131 \u00f6nlemler al\u0131nmas\u0131 \u00f6nemine vurgu yapt\u0131.<\/p>\n<p>Konuk heyet \u00fcyeleri ise d\u00fcn Paris\u2019te meydana gelen ter\u00f6r sald\u0131r\u0131lar\u0131n\u0131n, kesinlikle hi\u00e7bir devletin ter\u00f6rden uzak olmad\u0131\u011f\u0131n\u0131 bir kez daha kan\u0131tlad\u0131\u011f\u0131n\u0131 belirtti. Heyet \u00fcyeleri Suriye&#8217;de g\u00f6rd\u00fckleri ger\u00e7ekleri tarafs\u0131z ve d\u00fcr\u00fcst bir \u015fekilde Fransa kamuoyuna aktarma \u00f6zeninde olduklar\u0131n\u0131 ifade etti. Heyet \u00fcyeleri ayr\u0131ca Suriye&#8217;ye ziyaretlerinden \u00f6nce Suriye&#8217;de ya\u015fananlar\u0131 Bat\u0131 medyas\u0131n\u0131n dezenformasyon haberleri ve g\u00f6r\u00fcnt\u00fclerinden takip etmeleriyle yanl\u0131\u015f bilgi edindiklerine i\u015faret ettiler.<\/p>\n<p>https:\/\/www.youtube.com\/watch?v=AS9paY8iGp8<\/p>\n","protected":false},"excerpt":{"rendered":"<p>\u015eAM \u2013 Cumhurba\u015fkan\u0131 Be\u015f\u015far el Esad bug\u00fcn Suriye&#8217;yi ziyaret etmekte olan Frans\u0131z heyeti kabul etti. Frans\u0131z Parlamenter Thierry Mariani ba\u015fkanl\u0131\u011f\u0131nda Suriye halk\u0131yla dayan\u0131\u015fma ve ya\u015fananlar\u0131 yak\u0131ndan g\u00f6rme amac\u0131yla Suriye&#8217;yi ziyaret eden heyet Frans\u0131z parlamenterler, gazeteciler ayd\u0131n ve i\u015fadamlar\u0131ndan olu\u015fuyor. G\u00f6r\u00fc\u015fmede el Esad Fransa\u2019n\u0131n ba\u015fkenti Paris\u2019te meydana gelen ter\u00f6r sald\u0131r\u0131lar\u0131 son olarak L\u00fcbnan&#8217;\u0131n ba\u015fkenti Beyrut\u2019un G\u00fcney &hellip;<\/p>\n","protected":false},"author":1,"featured_media":52195,"comment_status":"closed","ping_status":"closed","sticky":false,"template":"","format":"standard","meta":{"footnotes":""},"categories":[608,479,605,2554,2555,478],"tags":[16402],"class_list":["post-52192","post","type-post","status-publish","format-standard","has-post-thumbnail","","category-etkinlikler","category-haberler-yerel","category-sayin-cumhurbaskani","category-suriye-ve-dunya","category-suriye-ve-turkiye","category-yerel","tag-cumhurbaskani-bessar-el-esad"],"_links":{"self":[{"href":"https:\/\/archive.sana.sy\/tr\/index.php?rest_route=\/wp\/v2\/posts\/52192","targetHints":{"allow":["GET"]}}],"collection":[{"href":"https:\/\/archive.sana.sy\/tr\/index.php?rest_route=\/wp\/v2\/posts"}],"about":[{"href":"https:\/\/archive.sana.sy\/tr\/index.php?rest_route=\/wp\/v2\/types\/post"}],"author":[{"embeddable":true,"href":"https:\/\/archive.sana.sy\/tr\/index.php?rest_route=\/wp\/v2\/users\/1"}],"replies":[{"embeddable":true,"href":"https:\/\/archive.sana.sy\/tr\/index.php?rest_route=%2Fwp%2Fv2%2Fcomments&post=52192"}],"version-history":[{"count":0,"href":"https:\/\/archive.sana.sy\/tr\/index.php?rest_route=\/wp\/v2\/posts\/52192\/revisions"}],"wp:featuredmedia":[{"embeddable":true,"href":"https:\/\/archive.sana.sy\/tr\/index.php?rest_route=\/wp\/v2\/media\/52195"}],"wp:attachment":[{"href":"https:\/\/archive.sana.sy\/tr\/index.php?rest_route=%2Fwp%2Fv2%2Fmedia&parent=52192"}],"wp:term":[{"taxonomy":"category","embeddable":true,"href":"https:\/\/archive.sana.sy\/tr\/index.php?rest_route=%2Fwp%2Fv2%2Fcategories&post=52192"},{"taxonomy":"post_tag","embeddable":true,"href":"https:\/\/archive.sana.sy\/tr\/index.php?rest_route=%2Fwp%2Fv2%2Ftags&post=52192"}],"curies":[{"name":"wp","href":"https:\/\/api.w.org\/{rel}","templated":true}]}}