{"id":5221,"date":"2014-07-14T15:44:46","date_gmt":"2014-07-14T12:44:46","guid":{"rendered":"\/tr\/?p=5221"},"modified":"2014-07-14T15:44:46","modified_gmt":"2014-07-14T12:44:46","slug":"korfez-ulkelerinden-5500-terorist-var","status":"publish","type":"post","link":"https:\/\/archive.sana.sy\/tr\/?p=5221","title":{"rendered":"K\u00f6rfez \u00dclkelerinden 5500 Ter\u00f6rist Var"},"content":{"rendered":"<p>DUBA\u0130 \u2013 Yak\u0131n Do\u011fu ve K\u00f6rfez Askeri Ara\u015ft\u0131rmalar Enstit\u00fcs\u00fc M\u00fcd\u00fcr\u00fc Theodore Karasik; 4 bini Suudi Arabistan\u2019dan olmak \u00fczere Arap k\u00f6rfez \u00fclkelerinden yakla\u015f\u0131k 5500 ki\u015finin \u2018Irak ve \u015eam \u0130slami Devleti\u2019 adl\u0131 radikal olu\u015fuma kat\u0131ld\u0131klar\u0131n\u0131 belirtti. <\/p>\n<p>Daily News Gazetesinin \u0130ngilizce versiyonunda aktard\u0131\u011f\u0131 a\u00e7\u0131klamalar\u0131nda Karasik; Arap k\u00f6rfez \u00fclkelerinden ter\u00f6r gruplar\u0131 saflar\u0131nda kat\u0131lanlar\u0131n say\u0131s\u0131nda \u00f6n\u00fcm\u00fczdeki birka\u00e7 ay i\u00e7inde art\u0131\u015f\u0131n olmas\u0131 beklendi\u011fini s\u00f6yledi. <\/p>\n<p>Bu arada Irakl\u0131 yetkililer; Suudi krall\u0131k rejiminin Irak\u2019ta masum insanlar\u0131 vah\u015fice katleden ter\u00f6ristleri \u00f6rg\u00fctleme ve e\u011fitme \u00e7abalar\u0131n\u0131 s\u00fcrd\u00fcrd\u00fcklerine dikkat \u00e7ekmi\u015flerdi.<\/p>\n","protected":false},"excerpt":{"rendered":"<p>DUBA\u0130 \u2013 Yak\u0131n Do\u011fu ve K\u00f6rfez Askeri Ara\u015ft\u0131rmalar Enstit\u00fcs\u00fc M\u00fcd\u00fcr\u00fc Theodore Karasik; 4 bini Suudi Arabistan\u2019dan olmak \u00fczere Arap k\u00f6rfez \u00fclkelerinden yakla\u015f\u0131k 5500 ki\u015finin \u2018Irak ve \u015eam \u0130slami Devleti\u2019 adl\u0131 radikal olu\u015fuma kat\u0131ld\u0131klar\u0131n\u0131 belirtti. Daily News Gazetesinin \u0130ngilizce versiyonunda aktard\u0131\u011f\u0131 a\u00e7\u0131klamalar\u0131nda Karasik; Arap k\u00f6rfez \u00fclkelerinden ter\u00f6r gruplar\u0131 saflar\u0131nda kat\u0131lanlar\u0131n say\u0131s\u0131nda \u00f6n\u00fcm\u00fczdeki birka\u00e7 ay i\u00e7inde art\u0131\u015f\u0131n &hellip;<\/p>\n","protected":false},"author":1,"featured_media":5222,"comment_status":"closed","ping_status":"closed","sticky":false,"template":"","format":"standard","meta":{"footnotes":""},"categories":[556,458,559,459,447],"tags":[1136],"class_list":["post-5221","post","type-post","status-publish","format-standard","has-post-thumbnail","","category-basin","category-dunya1","category-dunya-basini","category-haberler-arap-uluslararasi-politika","category-politika","tag-korfez-ulkelerinden-5500-terorist-var"],"_links":{"self":[{"href":"https:\/\/archive.sana.sy\/tr\/index.php?rest_route=\/wp\/v2\/posts\/5221","targetHints":{"allow":["GET"]}}],"collection":[{"href":"https:\/\/archive.sana.sy\/tr\/index.php?rest_route=\/wp\/v2\/posts"}],"about":[{"href":"https:\/\/archive.sana.sy\/tr\/index.php?rest_route=\/wp\/v2\/types\/post"}],"author":[{"embeddable":true,"href":"https:\/\/archive.sana.sy\/tr\/index.php?rest_route=\/wp\/v2\/users\/1"}],"replies":[{"embeddable":true,"href":"https:\/\/archive.sana.sy\/tr\/index.php?rest_route=%2Fwp%2Fv2%2Fcomments&post=5221"}],"version-history":[{"count":0,"href":"https:\/\/archive.sana.sy\/tr\/index.php?rest_route=\/wp\/v2\/posts\/5221\/revisions"}],"wp:featuredmedia":[{"embeddable":true,"href":"https:\/\/archive.sana.sy\/tr\/index.php?rest_route=\/wp\/v2\/media\/5222"}],"wp:attachment":[{"href":"https:\/\/archive.sana.sy\/tr\/index.php?rest_route=%2Fwp%2Fv2%2Fmedia&parent=5221"}],"wp:term":[{"taxonomy":"category","embeddable":true,"href":"https:\/\/archive.sana.sy\/tr\/index.php?rest_route=%2Fwp%2Fv2%2Fcategories&post=5221"},{"taxonomy":"post_tag","embeddable":true,"href":"https:\/\/archive.sana.sy\/tr\/index.php?rest_route=%2Fwp%2Fv2%2Ftags&post=5221"}],"curies":[{"name":"wp","href":"https:\/\/api.w.org\/{rel}","templated":true}]}}