{"id":5225,"date":"2014-07-14T15:55:01","date_gmt":"2014-07-14T12:55:01","guid":{"rendered":"\/tr\/?p=5225"},"modified":"2014-07-15T15:47:14","modified_gmt":"2014-07-15T12:47:14","slug":"gayrimenkul-kanunu-halk-meclisinin-gundeminde","status":"publish","type":"post","link":"https:\/\/archive.sana.sy\/tr\/?p=5225","title":{"rendered":"Gayrimenkul Kanunu Halk Meclisinin G\u00fcndeminde"},"content":{"rendered":"<p>\u015eAM \u2013 Halk Meclisi bug\u00fcn Meclis Ba\u015fkan\u0131 Muhammed Cihat el Lahham ba\u015fkanl\u0131\u011f\u0131nda d\u00fczenledi\u011fi Birinci Anayasal D\u00f6nemi Ola\u011fan\u00fcst\u00fc \u00dc\u00e7\u00fcnc\u00fc Toplant\u0131s\u0131n\u0131n \u0130kinci Oturumunda, gayrimenkul h\u00e2kimlerinin atanmas\u0131 ve hukuki olarak i\u015fin sonland\u0131r\u0131lmas\u0131 s\u00fcrecini d\u00fczenleyen 1958\/89 nolu kanun tart\u0131\u015f\u0131ld\u0131.<\/p>\n<p>Hizmet \u0130\u015flerinden Sorumlu Devlet Bakan\u0131 \u00d6mer Galavenci, kanunla ilgili yapt\u0131\u011f\u0131 a\u00e7\u0131klamada 1958\/89 nolu kanunun yarg\u0131 organ\u0131n\u0131n ba\u011f\u0131ms\u0131zl\u0131\u011f\u0131n\u0131 peki\u015ftirdi\u011fini ve dava s\u00fcre\u00e7lerinin uzamas\u0131n\u0131 \u00f6nlemeye hizmet ederek gayrimenkul genel m\u00fcd\u00fcrl\u00fc\u011f\u00fcn\u00fcn takip ve denetim misyonunu g\u00fc\u00e7lendirdi\u011fini dile getirdi.<\/p>\n<p>Kanunda Gayrimankul Hakimlerinin i\u015flerini kolayla\u015ft\u0131racak ayr\u0131cal\u0131klar tan\u0131nd\u0131\u011f\u0131na de\u011finen Galavenci; yeni kanunun gayrimenkul i\u015flerinde takip ve denetimi g\u00fc\u00e7lendirece\u011fini vurgulad\u0131.<\/p>\n<p>Toplant\u0131 oturumunun bitiminde a\u00e7\u0131klama yapan Meclis Ba\u015fkan\u0131 Lahham; kanunla ilgili tart\u0131\u015fman\u0131n sonraki oturumda s\u00fcrd\u00fcr\u00fclmesine karar verildi\u011fini ifade ederek bu s\u00fcre zarf\u0131nda Yerel Y\u00f6netimler Bakanl\u0131\u011f\u0131 ile ilgili davalar\u0131n incelenerek bilgi toplanaca\u011f\u0131n\u0131 belirtti.<\/p>\n","protected":false},"excerpt":{"rendered":"<p>\u015eAM \u2013 Halk Meclisi bug\u00fcn Meclis Ba\u015fkan\u0131 Muhammed Cihat el Lahham ba\u015fkanl\u0131\u011f\u0131nda d\u00fczenledi\u011fi Birinci Anayasal D\u00f6nemi Ola\u011fan\u00fcst\u00fc \u00dc\u00e7\u00fcnc\u00fc Toplant\u0131s\u0131n\u0131n \u0130kinci Oturumunda, gayrimenkul h\u00e2kimlerinin atanmas\u0131 ve hukuki olarak i\u015fin sonland\u0131r\u0131lmas\u0131 s\u00fcrecini d\u00fczenleyen 1958\/89 nolu kanun tart\u0131\u015f\u0131ld\u0131. Hizmet \u0130\u015flerinden Sorumlu Devlet Bakan\u0131 \u00d6mer Galavenci, kanunla ilgili yapt\u0131\u011f\u0131 a\u00e7\u0131klamada 1958\/89 nolu kanunun yarg\u0131 organ\u0131n\u0131n ba\u011f\u0131ms\u0131zl\u0131\u011f\u0131n\u0131 peki\u015ftirdi\u011fini ve dava &hellip;<\/p>\n","protected":false},"author":1,"featured_media":5226,"comment_status":"closed","ping_status":"closed","sticky":false,"template":"","format":"standard","meta":{"footnotes":""},"categories":[479,447,478],"tags":[1137],"class_list":["post-5225","post","type-post","status-publish","format-standard","has-post-thumbnail","","category-haberler-yerel","category-politika","category-yerel","tag-gayrimenkul-kanunu-halk-meclisinin-gundeminde"],"_links":{"self":[{"href":"https:\/\/archive.sana.sy\/tr\/index.php?rest_route=\/wp\/v2\/posts\/5225","targetHints":{"allow":["GET"]}}],"collection":[{"href":"https:\/\/archive.sana.sy\/tr\/index.php?rest_route=\/wp\/v2\/posts"}],"about":[{"href":"https:\/\/archive.sana.sy\/tr\/index.php?rest_route=\/wp\/v2\/types\/post"}],"author":[{"embeddable":true,"href":"https:\/\/archive.sana.sy\/tr\/index.php?rest_route=\/wp\/v2\/users\/1"}],"replies":[{"embeddable":true,"href":"https:\/\/archive.sana.sy\/tr\/index.php?rest_route=%2Fwp%2Fv2%2Fcomments&post=5225"}],"version-history":[{"count":0,"href":"https:\/\/archive.sana.sy\/tr\/index.php?rest_route=\/wp\/v2\/posts\/5225\/revisions"}],"wp:featuredmedia":[{"embeddable":true,"href":"https:\/\/archive.sana.sy\/tr\/index.php?rest_route=\/wp\/v2\/media\/5226"}],"wp:attachment":[{"href":"https:\/\/archive.sana.sy\/tr\/index.php?rest_route=%2Fwp%2Fv2%2Fmedia&parent=5225"}],"wp:term":[{"taxonomy":"category","embeddable":true,"href":"https:\/\/archive.sana.sy\/tr\/index.php?rest_route=%2Fwp%2Fv2%2Fcategories&post=5225"},{"taxonomy":"post_tag","embeddable":true,"href":"https:\/\/archive.sana.sy\/tr\/index.php?rest_route=%2Fwp%2Fv2%2Ftags&post=5225"}],"curies":[{"name":"wp","href":"https:\/\/api.w.org\/{rel}","templated":true}]}}