{"id":52253,"date":"2015-11-14T11:48:18","date_gmt":"2015-11-14T09:48:18","guid":{"rendered":"http:\/\/www.sana.sy\/tr\/?p=52253"},"modified":"2015-11-15T10:03:12","modified_gmt":"2015-11-15T08:03:12","slug":"basbakan-lazkiye-kirsalinda-askerleri-ziyaret-etti","status":"publish","type":"post","link":"https:\/\/archive.sana.sy\/tr\/?p=52253","title":{"rendered":"Ba\u015fbakan Lazkiye K\u0131rsal\u0131nda Askerleri Ziyaret Etti"},"content":{"rendered":"<p>LAZK\u0130YE \u2013 Ba\u015fbakan Vail el Halaki bug\u00fcn kendisine e\u015flik eden kabine heyeti ile birlikte Lazkiye k\u0131rsal\u0131nda ter\u00f6re kar\u015f\u0131 \u00f6n cephelerde vatan\u0131 savunan ordu birliklerimizi ziyaret etti.<\/p>\n<p>Cumhurba\u015fkan\u0131 Be\u015f\u015far el Esad\u2019\u0131n y\u00f6nlendirmeleri do\u011frultusunda bulundu\u011fu ziyaretinde Halkai; ordu birliklerimizin kahramanl\u0131klar\u0131 ve ba\u015far\u0131lar\u0131 sayesinde Suriye&#8217;nin her kar\u0131\u015f topra\u011f\u0131n\u0131n ter\u00f6r kirinden temizlenece\u011fini belirtti. Halaki ordunun vatan ve halk\u0131 savunmada sergiledi\u011fi duyarl\u0131l\u0131k ve sorumlulu\u011fun takdire \u015fayan oldu\u011funu ifade ederken; Suriye ordusunun halk\u0131na ba\u011fl\u0131 ideolojik bir ordu oldu\u011funu, dolay\u0131s\u0131yla da hi\u00e7 kimsenin bu orduyu alt etmesinin m\u00fcmk\u00fcn olmad\u0131\u011f\u0131n\u0131 s\u00f6yledi.<\/p>\n<p>El Esad\u2019\u0131n askerlerimize iyi dilek ve takdirlerini ileten Ba\u015fbakan Halaki; ter\u00f6re kar\u015f\u0131 zaferlerinin yurtsever t\u00fcm Suriyeliler i\u00e7in bir gurur kayna\u011f\u0131 oldu\u011funu belirtti.<\/p>\n<p>Ba\u015fbakan Halaki Lazkiye\u2019ye i\u015f gezisi kapsam\u0131nda d\u00fcn 13 milyar lira maliyetinde hizmet projelerinin temel ta\u015f\u0131n\u0131 atm\u0131\u015ft\u0131.<\/p>\n<p>Ba\u015fbakan halaki Lazkiye ziyaretinin ikinci g\u00fcn\u00fcnde Lazkiye Kentini besleyen su hatt\u0131n\u0131n yenilenmesi projesinin de temel ta\u015f\u0131n\u0131 att\u0131.<\/p>\n","protected":false},"excerpt":{"rendered":"<p>LAZK\u0130YE \u2013 Ba\u015fbakan Vail el Halaki bug\u00fcn kendisine e\u015flik eden kabine heyeti ile birlikte Lazkiye k\u0131rsal\u0131nda ter\u00f6re kar\u015f\u0131 \u00f6n cephelerde vatan\u0131 savunan ordu birliklerimizi ziyaret etti. Cumhurba\u015fkan\u0131 Be\u015f\u015far el Esad\u2019\u0131n y\u00f6nlendirmeleri do\u011frultusunda bulundu\u011fu ziyaretinde Halkai; ordu birliklerimizin kahramanl\u0131klar\u0131 ve ba\u015far\u0131lar\u0131 sayesinde Suriye&#8217;nin her kar\u0131\u015f topra\u011f\u0131n\u0131n ter\u00f6r kirinden temizlenece\u011fini belirtti. Halaki ordunun vatan ve halk\u0131 savunmada &hellip;<\/p>\n","protected":false},"author":1,"featured_media":52256,"comment_status":"closed","ping_status":"closed","sticky":false,"template":"","format":"standard","meta":{"footnotes":""},"categories":[479,478],"tags":[10238],"class_list":["post-52253","post","type-post","status-publish","format-standard","has-post-thumbnail","","category-haberler-yerel","category-yerel","tag-basbakan-vail-el-halaki"],"_links":{"self":[{"href":"https:\/\/archive.sana.sy\/tr\/index.php?rest_route=\/wp\/v2\/posts\/52253","targetHints":{"allow":["GET"]}}],"collection":[{"href":"https:\/\/archive.sana.sy\/tr\/index.php?rest_route=\/wp\/v2\/posts"}],"about":[{"href":"https:\/\/archive.sana.sy\/tr\/index.php?rest_route=\/wp\/v2\/types\/post"}],"author":[{"embeddable":true,"href":"https:\/\/archive.sana.sy\/tr\/index.php?rest_route=\/wp\/v2\/users\/1"}],"replies":[{"embeddable":true,"href":"https:\/\/archive.sana.sy\/tr\/index.php?rest_route=%2Fwp%2Fv2%2Fcomments&post=52253"}],"version-history":[{"count":0,"href":"https:\/\/archive.sana.sy\/tr\/index.php?rest_route=\/wp\/v2\/posts\/52253\/revisions"}],"wp:featuredmedia":[{"embeddable":true,"href":"https:\/\/archive.sana.sy\/tr\/index.php?rest_route=\/wp\/v2\/media\/52256"}],"wp:attachment":[{"href":"https:\/\/archive.sana.sy\/tr\/index.php?rest_route=%2Fwp%2Fv2%2Fmedia&parent=52253"}],"wp:term":[{"taxonomy":"category","embeddable":true,"href":"https:\/\/archive.sana.sy\/tr\/index.php?rest_route=%2Fwp%2Fv2%2Fcategories&post=52253"},{"taxonomy":"post_tag","embeddable":true,"href":"https:\/\/archive.sana.sy\/tr\/index.php?rest_route=%2Fwp%2Fv2%2Ftags&post=52253"}],"curies":[{"name":"wp","href":"https:\/\/api.w.org\/{rel}","templated":true}]}}