{"id":5228,"date":"2014-07-14T16:07:32","date_gmt":"2014-07-14T13:07:32","guid":{"rendered":"\/tr\/?p=5228"},"modified":"2014-07-14T16:07:32","modified_gmt":"2014-07-14T13:07:32","slug":"muaddamiye-beldesine-insani-yardim-paketleri-dagitildi","status":"publish","type":"post","link":"https:\/\/archive.sana.sy\/tr\/?p=5228","title":{"rendered":"Muaddamiye Beldesine \u0130nsani Yard\u0131m Paketleri Da\u011f\u0131t\u0131ld\u0131"},"content":{"rendered":"<p>\u015eAM KIRSALI \u2013 Suriye h\u00fck\u00fcmetinin i\u015fbirli\u011fi ve destekleriyle bug\u00fcn \u015eam k\u0131rsal\u0131 Muaddamiye Beldesine g\u0131da, sa\u011fl\u0131k ve mutfak gere\u00e7lerinden olu\u015fan bin paket insani yard\u0131m da\u011f\u0131t\u0131ld\u0131.<\/p>\n<p>Birle\u015fmi\u015f Milletlerin Suriye&#8217;deki temsilcisi Yakup el Hulu; BM taraf\u0131ndan g\u00f6nderilen bu yard\u0131mlar\u0131n ilk kargosunun Suriye h\u00fck\u00fcmetinin i\u015fbirli\u011fi ile Muaddamiye Beldesi ahalisine da\u011f\u0131t\u0131ld\u0131\u011f\u0131n\u0131 ifade ederken, \u00f6n\u00fcm\u00fczdeki birka\u00e7 g\u00fcn i\u00e7inde yeni insani yard\u0131m kargolar\u0131n\u0131n g\u00f6nderilece\u011fini a\u00e7\u0131klad\u0131.<\/p>\n<p>Beldede Ulusal Uzla\u015fma \u0130\u015flerinden Sorumlu Hasan \u011eandur; d\u00f6rt g\u00fcn s\u00fcreyle da\u011f\u0131t\u0131lacak insani yard\u0131mlar\u0131n BM ve uluslar aras\u0131 insani \u00f6rg\u00fctler taraf\u0131ndan Suriye h\u00fck\u00fcmeti ile i\u015fbirli\u011fi i\u00e7inde g\u00f6nderildiklerini s\u00f6yledi. <\/p>\n<p>\u011eandur Muaddamiye ahalisinin daha \u00f6nce bir\u00e7ok kez BM taraf\u0131ndan g\u00f6nderilen insani yard\u0131mlar\u0131 reddettiklerine dikkat \u00e7ekerken; bu yard\u0131mlar\u0131n belirli taraflara de\u011fil de as\u0131l ihtiya\u00e7 sahiplerine da\u011f\u0131t\u0131lmalar\u0131, konunun politikle\u015ftirilmemesi ve ba\u015fka ama\u00e7larda kullan\u0131lmamas\u0131 ko\u015fulu dayatt\u0131klar\u0131n\u0131 a\u00e7\u0131klad\u0131.<\/p>\n","protected":false},"excerpt":{"rendered":"<p>\u015eAM KIRSALI \u2013 Suriye h\u00fck\u00fcmetinin i\u015fbirli\u011fi ve destekleriyle bug\u00fcn \u015eam k\u0131rsal\u0131 Muaddamiye Beldesine g\u0131da, sa\u011fl\u0131k ve mutfak gere\u00e7lerinden olu\u015fan bin paket insani yard\u0131m da\u011f\u0131t\u0131ld\u0131. Birle\u015fmi\u015f Milletlerin Suriye&#8217;deki temsilcisi Yakup el Hulu; BM taraf\u0131ndan g\u00f6nderilen bu yard\u0131mlar\u0131n ilk kargosunun Suriye h\u00fck\u00fcmetinin i\u015fbirli\u011fi ile Muaddamiye Beldesi ahalisine da\u011f\u0131t\u0131ld\u0131\u011f\u0131n\u0131 ifade ederken, \u00f6n\u00fcm\u00fczdeki birka\u00e7 g\u00fcn i\u00e7inde yeni insani yard\u0131m &hellip;<\/p>\n","protected":false},"author":1,"featured_media":5229,"comment_status":"closed","ping_status":"closed","sticky":false,"template":"","format":"standard","meta":{"footnotes":""},"categories":[479,447,478],"tags":[1138],"class_list":["post-5228","post","type-post","status-publish","format-standard","has-post-thumbnail","","category-haberler-yerel","category-politika","category-yerel","tag-muaddamiye-beldesine-insani-yardim-paketleri-dagitildi"],"_links":{"self":[{"href":"https:\/\/archive.sana.sy\/tr\/index.php?rest_route=\/wp\/v2\/posts\/5228","targetHints":{"allow":["GET"]}}],"collection":[{"href":"https:\/\/archive.sana.sy\/tr\/index.php?rest_route=\/wp\/v2\/posts"}],"about":[{"href":"https:\/\/archive.sana.sy\/tr\/index.php?rest_route=\/wp\/v2\/types\/post"}],"author":[{"embeddable":true,"href":"https:\/\/archive.sana.sy\/tr\/index.php?rest_route=\/wp\/v2\/users\/1"}],"replies":[{"embeddable":true,"href":"https:\/\/archive.sana.sy\/tr\/index.php?rest_route=%2Fwp%2Fv2%2Fcomments&post=5228"}],"version-history":[{"count":0,"href":"https:\/\/archive.sana.sy\/tr\/index.php?rest_route=\/wp\/v2\/posts\/5228\/revisions"}],"wp:featuredmedia":[{"embeddable":true,"href":"https:\/\/archive.sana.sy\/tr\/index.php?rest_route=\/wp\/v2\/media\/5229"}],"wp:attachment":[{"href":"https:\/\/archive.sana.sy\/tr\/index.php?rest_route=%2Fwp%2Fv2%2Fmedia&parent=5228"}],"wp:term":[{"taxonomy":"category","embeddable":true,"href":"https:\/\/archive.sana.sy\/tr\/index.php?rest_route=%2Fwp%2Fv2%2Fcategories&post=5228"},{"taxonomy":"post_tag","embeddable":true,"href":"https:\/\/archive.sana.sy\/tr\/index.php?rest_route=%2Fwp%2Fv2%2Ftags&post=5228"}],"curies":[{"name":"wp","href":"https:\/\/api.w.org\/{rel}","templated":true}]}}