{"id":52297,"date":"2015-11-14T18:20:16","date_gmt":"2015-11-14T16:20:16","guid":{"rendered":"http:\/\/www.sana.sy\/tr\/?p=52297"},"modified":"2015-11-14T18:20:16","modified_gmt":"2015-11-14T16:20:16","slug":"viyanada-siyasi-cozum-yollari-ele-alindi%e2%80%8f","status":"publish","type":"post","link":"https:\/\/archive.sana.sy\/tr\/?p=52297","title":{"rendered":"Viyana&#8217;da Siyasi \u00c7\u00f6z\u00fcm Yollar\u0131 Ele Al\u0131nd\u0131\u200f"},"content":{"rendered":"<p>V\u0130YANA \u2013 Suriye&#8217;deki krize siyasi \u00e7\u00f6z\u00fcm bulma amac\u0131yla Avusturya\u2019n\u0131n ba\u015fkenti Viyana\u2019da bug\u00fcn 19 \u00fclke ve uluslar aras\u0131 \u00f6rg\u00fct\u00fcn kat\u0131l\u0131m\u0131yla toplant\u0131 ba\u015flad\u0131.<\/p>\n<p>Fransa\u2019n\u0131n ba\u015fkenti Paris\u2019te meydana gelen ve en az 120 ki\u015finin \u00f6l\u00fcm\u00fcne yol a\u00e7an bombal\u0131 sald\u0131r\u0131lar ard\u0131ndan Fransa otoritelerinin \u00fclkede ola\u011fan\u00fcst\u00fc hal ilan edip s\u0131n\u0131rlar\u0131 kapatmas\u0131n\u0131n g\u00f6lgesinde ba\u011flayan toplant\u0131ya Rusya, ABD, \u0130ran ve daha ba\u015fka devletlerin d\u0131\u015fi\u015fleri bakanlar\u0131na ek olarak bakan yard\u0131mc\u0131lar\u0131, AB ve BM temsilcileri kat\u0131ld\u0131.<\/p>\n","protected":false},"excerpt":{"rendered":"<p>V\u0130YANA \u2013 Suriye&#8217;deki krize siyasi \u00e7\u00f6z\u00fcm bulma amac\u0131yla Avusturya\u2019n\u0131n ba\u015fkenti Viyana\u2019da bug\u00fcn 19 \u00fclke ve uluslar aras\u0131 \u00f6rg\u00fct\u00fcn kat\u0131l\u0131m\u0131yla toplant\u0131 ba\u015flad\u0131. Fransa\u2019n\u0131n ba\u015fkenti Paris\u2019te meydana gelen ve en az 120 ki\u015finin \u00f6l\u00fcm\u00fcne yol a\u00e7an bombal\u0131 sald\u0131r\u0131lar ard\u0131ndan Fransa otoritelerinin \u00fclkede ola\u011fan\u00fcst\u00fc hal ilan edip s\u0131n\u0131rlar\u0131 kapatmas\u0131n\u0131n g\u00f6lgesinde ba\u011flayan toplant\u0131ya Rusya, ABD, \u0130ran ve daha ba\u015fka &hellip;<\/p>\n","protected":false},"author":1,"featured_media":52298,"comment_status":"closed","ping_status":"closed","sticky":false,"template":"","format":"standard","meta":{"footnotes":""},"categories":[458,459,447],"tags":[17702],"class_list":["post-52297","post","type-post","status-publish","format-standard","has-post-thumbnail","","category-dunya1","category-haberler-arap-uluslararasi-politika","category-politika","tag-viyanada-siyasi-cozum-yollari-ele-alindi"],"_links":{"self":[{"href":"https:\/\/archive.sana.sy\/tr\/index.php?rest_route=\/wp\/v2\/posts\/52297","targetHints":{"allow":["GET"]}}],"collection":[{"href":"https:\/\/archive.sana.sy\/tr\/index.php?rest_route=\/wp\/v2\/posts"}],"about":[{"href":"https:\/\/archive.sana.sy\/tr\/index.php?rest_route=\/wp\/v2\/types\/post"}],"author":[{"embeddable":true,"href":"https:\/\/archive.sana.sy\/tr\/index.php?rest_route=\/wp\/v2\/users\/1"}],"replies":[{"embeddable":true,"href":"https:\/\/archive.sana.sy\/tr\/index.php?rest_route=%2Fwp%2Fv2%2Fcomments&post=52297"}],"version-history":[{"count":0,"href":"https:\/\/archive.sana.sy\/tr\/index.php?rest_route=\/wp\/v2\/posts\/52297\/revisions"}],"wp:featuredmedia":[{"embeddable":true,"href":"https:\/\/archive.sana.sy\/tr\/index.php?rest_route=\/wp\/v2\/media\/52298"}],"wp:attachment":[{"href":"https:\/\/archive.sana.sy\/tr\/index.php?rest_route=%2Fwp%2Fv2%2Fmedia&parent=52297"}],"wp:term":[{"taxonomy":"category","embeddable":true,"href":"https:\/\/archive.sana.sy\/tr\/index.php?rest_route=%2Fwp%2Fv2%2Fcategories&post=52297"},{"taxonomy":"post_tag","embeddable":true,"href":"https:\/\/archive.sana.sy\/tr\/index.php?rest_route=%2Fwp%2Fv2%2Ftags&post=52297"}],"curies":[{"name":"wp","href":"https:\/\/api.w.org\/{rel}","templated":true}]}}