{"id":52300,"date":"2015-11-14T18:22:14","date_gmt":"2015-11-14T16:22:14","guid":{"rendered":"http:\/\/www.sana.sy\/tr\/?p=52300"},"modified":"2015-11-14T18:22:14","modified_gmt":"2015-11-14T16:22:14","slug":"irak-tutumunu-yineledi%e2%80%8f","status":"publish","type":"post","link":"https:\/\/archive.sana.sy\/tr\/?p=52300","title":{"rendered":"Irak Tutumunu Yineledi\u200f"},"content":{"rendered":"<p>BA\u011eDAT \u2013 Irak D\u0131\u015fi\u015fleri Bakan\u0131 \u0130brahim el Caferi Suriye&#8217;deki krizin siyasi yollarla \u00e7\u00f6z\u00fclmesi gere\u011fini bir kez daha vurgularken; Suriye halk\u0131n\u0131n kendi gelece\u011fini ve kendi y\u00f6netimini se\u00e7me hakk\u0131na da yeniden dikkat \u00e7ekti.<\/p>\n<p>Caferi bug\u00fcn yay\u0131nlad\u0131\u011f\u0131 beyanda Suriye halk\u0131na herhangi bir siyasi sistemin dayat\u0131lmamas\u0131 gere\u011finin alt\u0131n\u0131 \u00e7izerek, Suriye&#8217;de siyasi g\u00fc\u00e7lerin h\u00fck\u00fcmet ile siyasi s\u00fcrece kat\u0131lma ve etkin bir rol \u00fcstlenme \u00f6nemini ifade etti.<\/p>\n","protected":false},"excerpt":{"rendered":"<p>BA\u011eDAT \u2013 Irak D\u0131\u015fi\u015fleri Bakan\u0131 \u0130brahim el Caferi Suriye&#8217;deki krizin siyasi yollarla \u00e7\u00f6z\u00fclmesi gere\u011fini bir kez daha vurgularken; Suriye halk\u0131n\u0131n kendi gelece\u011fini ve kendi y\u00f6netimini se\u00e7me hakk\u0131na da yeniden dikkat \u00e7ekti. Caferi bug\u00fcn yay\u0131nlad\u0131\u011f\u0131 beyanda Suriye halk\u0131na herhangi bir siyasi sistemin dayat\u0131lmamas\u0131 gere\u011finin alt\u0131n\u0131 \u00e7izerek, Suriye&#8217;de siyasi g\u00fc\u00e7lerin h\u00fck\u00fcmet ile siyasi s\u00fcrece kat\u0131lma ve etkin &hellip;<\/p>\n","protected":false},"author":1,"featured_media":52301,"comment_status":"closed","ping_status":"closed","sticky":false,"template":"","format":"standard","meta":{"footnotes":""},"categories":[458,459,447],"tags":[17703],"class_list":["post-52300","post","type-post","status-publish","format-standard","has-post-thumbnail","","category-dunya1","category-haberler-arap-uluslararasi-politika","category-politika","tag-irak-tutumunu-yineledi"],"_links":{"self":[{"href":"https:\/\/archive.sana.sy\/tr\/index.php?rest_route=\/wp\/v2\/posts\/52300","targetHints":{"allow":["GET"]}}],"collection":[{"href":"https:\/\/archive.sana.sy\/tr\/index.php?rest_route=\/wp\/v2\/posts"}],"about":[{"href":"https:\/\/archive.sana.sy\/tr\/index.php?rest_route=\/wp\/v2\/types\/post"}],"author":[{"embeddable":true,"href":"https:\/\/archive.sana.sy\/tr\/index.php?rest_route=\/wp\/v2\/users\/1"}],"replies":[{"embeddable":true,"href":"https:\/\/archive.sana.sy\/tr\/index.php?rest_route=%2Fwp%2Fv2%2Fcomments&post=52300"}],"version-history":[{"count":0,"href":"https:\/\/archive.sana.sy\/tr\/index.php?rest_route=\/wp\/v2\/posts\/52300\/revisions"}],"wp:featuredmedia":[{"embeddable":true,"href":"https:\/\/archive.sana.sy\/tr\/index.php?rest_route=\/wp\/v2\/media\/52301"}],"wp:attachment":[{"href":"https:\/\/archive.sana.sy\/tr\/index.php?rest_route=%2Fwp%2Fv2%2Fmedia&parent=52300"}],"wp:term":[{"taxonomy":"category","embeddable":true,"href":"https:\/\/archive.sana.sy\/tr\/index.php?rest_route=%2Fwp%2Fv2%2Fcategories&post=52300"},{"taxonomy":"post_tag","embeddable":true,"href":"https:\/\/archive.sana.sy\/tr\/index.php?rest_route=%2Fwp%2Fv2%2Ftags&post=52300"}],"curies":[{"name":"wp","href":"https:\/\/api.w.org\/{rel}","templated":true}]}}