{"id":5231,"date":"2014-07-14T16:15:36","date_gmt":"2014-07-14T13:15:36","guid":{"rendered":"\/tr\/?p=5231"},"modified":"2014-07-14T16:44:25","modified_gmt":"2014-07-14T13:44:25","slug":"teroristlere-destek-kabul-edilemez","status":"publish","type":"post","link":"https:\/\/archive.sana.sy\/tr\/?p=5231","title":{"rendered":"Ter\u00f6ristlere Destek Kabul Edilemez"},"content":{"rendered":"<p>MOSKOVA \u2013 Rusya D\u0131\u015fi\u015fleri Bakanl\u0131\u011f\u0131; Suriye&#8217;deki silahl\u0131 ter\u00f6r gruplar\u0131n\u0131n \u00fclkenin t\u00fcm b\u00f6lgelerinde masum sivil insanlara kar\u015f\u0131 vah\u015fi su\u00e7lar\u0131n\u0131 s\u00fcrd\u00fcrd\u00fcklerine dikkat \u00e7ekti.<\/p>\n<p>Rus bakanl\u0131k bug\u00fcn yay\u0131nlad\u0131\u011f\u0131 beyanda Suriye&#8217;deki ter\u00f6ristleri finanse etme, silah e\u011fitimi verip onlar\u0131 silahland\u0131rma yada onlar\u0131 bar\u0131nd\u0131rman\u0131n kesinlikle kabul edilemez oldu\u011funun alt\u0131n\u0131 \u00e7izdi.<\/p>\n<p>Bu ter\u00f6r gruplar\u0131n\u0131n Suriye ve b\u00f6lgenin daha ba\u015fka devletlerinde i\u015fledikleri bu vah\u015fi su\u00e7lar\u0131 \u015fiddetle k\u0131nad\u0131\u011f\u0131n\u0131 belirten Rus Bakanl\u0131k; uluslar aras\u0131 toplumun bu \u00e7irkef eylemlere s\u0131n\u0131r koymak i\u00e7in ciddi \u00e7abalarda bulunma temennisini ifade etti.<\/p>\n","protected":false},"excerpt":{"rendered":"<p>MOSKOVA \u2013 Rusya D\u0131\u015fi\u015fleri Bakanl\u0131\u011f\u0131; Suriye&#8217;deki silahl\u0131 ter\u00f6r gruplar\u0131n\u0131n \u00fclkenin t\u00fcm b\u00f6lgelerinde masum sivil insanlara kar\u015f\u0131 vah\u015fi su\u00e7lar\u0131n\u0131 s\u00fcrd\u00fcrd\u00fcklerine dikkat \u00e7ekti. Rus bakanl\u0131k bug\u00fcn yay\u0131nlad\u0131\u011f\u0131 beyanda Suriye&#8217;deki ter\u00f6ristleri finanse etme, silah e\u011fitimi verip onlar\u0131 silahland\u0131rma yada onlar\u0131 bar\u0131nd\u0131rman\u0131n kesinlikle kabul edilemez oldu\u011funun alt\u0131n\u0131 \u00e7izdi. Bu ter\u00f6r gruplar\u0131n\u0131n Suriye ve b\u00f6lgenin daha ba\u015fka devletlerinde i\u015fledikleri bu &hellip;<\/p>\n","protected":false},"author":1,"featured_media":5242,"comment_status":"closed","ping_status":"closed","sticky":false,"template":"","format":"standard","meta":{"footnotes":""},"categories":[458,459,447,584],"tags":[1139],"class_list":["post-5231","post","type-post","status-publish","format-standard","has-post-thumbnail","","category-dunya1","category-haberler-arap-uluslararasi-politika","category-politika","category-yurtdisinda-sana-ofisleri","tag-teroristlere-destek-kabul-edilemez"],"_links":{"self":[{"href":"https:\/\/archive.sana.sy\/tr\/index.php?rest_route=\/wp\/v2\/posts\/5231","targetHints":{"allow":["GET"]}}],"collection":[{"href":"https:\/\/archive.sana.sy\/tr\/index.php?rest_route=\/wp\/v2\/posts"}],"about":[{"href":"https:\/\/archive.sana.sy\/tr\/index.php?rest_route=\/wp\/v2\/types\/post"}],"author":[{"embeddable":true,"href":"https:\/\/archive.sana.sy\/tr\/index.php?rest_route=\/wp\/v2\/users\/1"}],"replies":[{"embeddable":true,"href":"https:\/\/archive.sana.sy\/tr\/index.php?rest_route=%2Fwp%2Fv2%2Fcomments&post=5231"}],"version-history":[{"count":0,"href":"https:\/\/archive.sana.sy\/tr\/index.php?rest_route=\/wp\/v2\/posts\/5231\/revisions"}],"wp:featuredmedia":[{"embeddable":true,"href":"https:\/\/archive.sana.sy\/tr\/index.php?rest_route=\/wp\/v2\/media\/5242"}],"wp:attachment":[{"href":"https:\/\/archive.sana.sy\/tr\/index.php?rest_route=%2Fwp%2Fv2%2Fmedia&parent=5231"}],"wp:term":[{"taxonomy":"category","embeddable":true,"href":"https:\/\/archive.sana.sy\/tr\/index.php?rest_route=%2Fwp%2Fv2%2Fcategories&post=5231"},{"taxonomy":"post_tag","embeddable":true,"href":"https:\/\/archive.sana.sy\/tr\/index.php?rest_route=%2Fwp%2Fv2%2Ftags&post=5231"}],"curies":[{"name":"wp","href":"https:\/\/api.w.org\/{rel}","templated":true}]}}