{"id":52320,"date":"2015-11-14T18:50:34","date_gmt":"2015-11-14T16:50:34","guid":{"rendered":"http:\/\/www.sana.sy\/tr\/?p=52320"},"modified":"2015-11-14T18:50:34","modified_gmt":"2015-11-14T16:50:34","slug":"kupayi-bikra-ilna-kazandi","status":"publish","type":"post","link":"https:\/\/archive.sana.sy\/tr\/?p=52320","title":{"rendered":"Kupay\u0131 Bikra \u0130lna Kazand\u0131"},"content":{"rendered":"<p>\u015eAM \u2013 Spor Gazetecileri Komitesinin \u015eam Valili\u011fi ile i\u015fbirli\u011fi i\u00e7inde organize etti\u011fi 1. Futbol Kupas\u0131nda bug\u00fcn son ma\u00e7 oynand\u0131.<\/p>\n<p><a href=\"http:\/\/www.sana.sy\/tr\/wp-content\/uploads\/2015\/11\/Spor-1.jpg\"><img loading=\"lazy\" decoding=\"async\" class=\"alignright wp-image-52322 size-medium\" src=\"http:\/\/www.sana.sy\/tr\/wp-content\/uploads\/2015\/11\/Spor-1-300x168.jpg\" alt=\"Spor 1\" width=\"300\" height=\"168\" srcset=\"https:\/\/archive.sana.sy\/tr\/wp-content\/uploads\/2015\/11\/Spor-1-300x168.jpg 300w, https:\/\/archive.sana.sy\/tr\/wp-content\/uploads\/2015\/11\/Spor-1-150x84.jpg 150w, https:\/\/archive.sana.sy\/tr\/wp-content\/uploads\/2015\/11\/Spor-1.jpg 660w\" sizes=\"auto, (max-width: 300px) 100vw, 300px\" \/><\/a>\u0130ki gruba ayr\u0131lan 9 tak\u0131m\u0131n kat\u0131l\u0131m\u0131yla oynanan ma\u00e7lar\u0131n bitiminde bug\u00fcn Bikra \u0130lna Tak\u0131m\u0131 Radyo Televizyon Kurumu Tak\u0131m\u0131n\u0131 1-0 yenerek kupan\u0131n sahibi oldu.<\/p>\n<p>Valilik Spor Kul\u00fcb\u00fcnde oynanan \u00e7eki\u015fmeli ma\u00e7 iki tak\u0131m taraftarlar\u0131n\u0131n co\u015fkulu deste\u011fi ile oynand\u0131.<\/p>\n<p>Ma\u00e7 bitiminde d\u00fczenlenen \u00f6d\u00fcl t\u00f6reninde Bikra \u0130lna Spor kul\u00fcb\u00fcn\u00fcn \u00f6nc\u00fcleri sanatsal spor sunumlar\u0131yla izleyicileri b\u00fcy\u00fcledi.<\/p>\n","protected":false},"excerpt":{"rendered":"<p>\u015eAM \u2013 Spor Gazetecileri Komitesinin \u015eam Valili\u011fi ile i\u015fbirli\u011fi i\u00e7inde organize etti\u011fi 1. Futbol Kupas\u0131nda bug\u00fcn son ma\u00e7 oynand\u0131. \u0130ki gruba ayr\u0131lan 9 tak\u0131m\u0131n kat\u0131l\u0131m\u0131yla oynanan ma\u00e7lar\u0131n bitiminde bug\u00fcn Bikra \u0130lna Tak\u0131m\u0131 Radyo Televizyon Kurumu Tak\u0131m\u0131n\u0131 1-0 yenerek kupan\u0131n sahibi oldu. Valilik Spor Kul\u00fcb\u00fcnde oynanan \u00e7eki\u015fmeli ma\u00e7 iki tak\u0131m taraftarlar\u0131n\u0131n co\u015fkulu deste\u011fi ile oynand\u0131. Ma\u00e7 &hellip;<\/p>\n","protected":false},"author":1,"featured_media":52321,"comment_status":"closed","ping_status":"closed","sticky":false,"template":"","format":"standard","meta":{"footnotes":""},"categories":[496,497],"tags":[17707],"class_list":["post-52320","post","type-post","status-publish","format-standard","has-post-thumbnail","","category-spor","category-yerel-turnuvalar","tag-kupayi-bikra-ilna-kazandi"],"_links":{"self":[{"href":"https:\/\/archive.sana.sy\/tr\/index.php?rest_route=\/wp\/v2\/posts\/52320","targetHints":{"allow":["GET"]}}],"collection":[{"href":"https:\/\/archive.sana.sy\/tr\/index.php?rest_route=\/wp\/v2\/posts"}],"about":[{"href":"https:\/\/archive.sana.sy\/tr\/index.php?rest_route=\/wp\/v2\/types\/post"}],"author":[{"embeddable":true,"href":"https:\/\/archive.sana.sy\/tr\/index.php?rest_route=\/wp\/v2\/users\/1"}],"replies":[{"embeddable":true,"href":"https:\/\/archive.sana.sy\/tr\/index.php?rest_route=%2Fwp%2Fv2%2Fcomments&post=52320"}],"version-history":[{"count":0,"href":"https:\/\/archive.sana.sy\/tr\/index.php?rest_route=\/wp\/v2\/posts\/52320\/revisions"}],"wp:featuredmedia":[{"embeddable":true,"href":"https:\/\/archive.sana.sy\/tr\/index.php?rest_route=\/wp\/v2\/media\/52321"}],"wp:attachment":[{"href":"https:\/\/archive.sana.sy\/tr\/index.php?rest_route=%2Fwp%2Fv2%2Fmedia&parent=52320"}],"wp:term":[{"taxonomy":"category","embeddable":true,"href":"https:\/\/archive.sana.sy\/tr\/index.php?rest_route=%2Fwp%2Fv2%2Fcategories&post=52320"},{"taxonomy":"post_tag","embeddable":true,"href":"https:\/\/archive.sana.sy\/tr\/index.php?rest_route=%2Fwp%2Fv2%2Ftags&post=52320"}],"curies":[{"name":"wp","href":"https:\/\/api.w.org\/{rel}","templated":true}]}}