{"id":52336,"date":"2015-11-15T11:25:38","date_gmt":"2015-11-15T09:25:38","guid":{"rendered":"http:\/\/www.sana.sy\/tr\/?p=52336"},"modified":"2015-11-15T11:25:38","modified_gmt":"2015-11-15T09:25:38","slug":"teror-saldirilari-lubnanda-fitne-yaratmayi-amacliyor","status":"publish","type":"post","link":"https:\/\/archive.sana.sy\/tr\/?p=52336","title":{"rendered":"Ter\u00f6r Sald\u0131r\u0131lar\u0131 L\u00fcbnan\u2019da Fitne Yaratmay\u0131 Ama\u00e7l\u0131yor"},"content":{"rendered":"<p>BEYRUT \u2013 L\u00fcbnan Hizbullah Partisi Genel Sekreteri Hasan Nasrullah Beyrut\u2019un g\u00fcney \u00e7evresinde yer alan Burc el Barahiye b\u00f6lgesinde d\u00fczenlenen iki ter\u00f6r sald\u0131r\u0131s\u0131n\u0131n en \u00f6nemli amac\u0131n\u0131n L\u00fcbnan\u2019da fitne yaratmak oldu\u011funu ifade ederek L\u00fcbnan halk\u0131n\u0131n bilin\u00e7li tutumu sayesinde bu amac\u0131n ba\u015far\u0131s\u0131zl\u0131\u011fa u\u011frat\u0131ld\u0131\u011f\u0131n\u0131 belirtti.<\/p>\n<p>D\u00fcn bir televizyon program\u0131na kat\u0131lan Nasrullah; Burc el Beracine b\u00f6lgesinde d\u00fczenlenen ter\u00f6r sald\u0131r\u0131lar\u0131nda \u015fehit d\u00fc\u015fenlerin yak\u0131nlar\u0131na taziyelerini bildirerek sald\u0131r\u0131lar\u0131n d\u00fczenlenmesinde rol alan ter\u00f6ristlerin L\u00fcbnan \u0130stihbarat ve G\u00fcvenlik birimleri taraf\u0131ndan tutukland\u0131\u011f\u0131n\u0131 ve sald\u0131r\u0131ya lojistik-istihbarat sa\u011flayan bir \u015febekenin \u00e7\u00f6kertildi\u011fini belirtti.<\/p>\n<p>Yap\u0131lan incelemelerde sald\u0131r\u0131n\u0131n iki intihar bombac\u0131s\u0131 arac\u0131l\u0131\u011f\u0131 ile ger\u00e7ekle\u015ftirildi\u011fine i\u015faret eden Nasrullah; I\u015e\u0130D ter\u00f6r \u00f6rg\u00fct\u00fcn\u00fcn sald\u0131r\u0131lar\u0131 \u00fcstlendi\u011fi a\u00e7\u0131klamas\u0131nda intihar bombac\u0131lar\u0131 olarak ilan etti\u011fi isimlerin ger\u00e7ek olmad\u0131\u011f\u0131n\u0131 belirterek \u015fu ana kadar kimli\u011fi belirlenen bir intihar bombac\u0131s\u0131 bulundu\u011funu ve bu intihar bombac\u0131s\u0131n\u0131n Suriye uyruklu oldu\u011funun anla\u015f\u0131ld\u0131\u011f\u0131n\u0131 vurgulad\u0131.<\/p>\n<p>\u0130ntihar bombac\u0131lar\u0131ndan birinin kimli\u011finin hen\u00fcz tespit edilemedi\u011fine de\u011finen Nasrullah; bu t\u00fcr ter\u00f6r sald\u0131r\u0131lar\u0131n \u00f6nlenmesi i\u00e7in s\u0131radan g\u00fcvenlik \u00f6nlemlerinin yetersiz kald\u0131\u011f\u0131n\u0131 bu t\u00fcr sald\u0131r\u0131lar\u0131n \u00f6n\u00fcne ge\u00e7mek i\u00e7in sald\u0131r\u0131lar\u0131 d\u00fczenleyenlerin ili\u015fki-finans ve lojistik a\u011f\u0131n\u0131n tamamen yok edilmesi gerekti\u011finin alt\u0131n\u0131 \u00e7izdi.<\/p>\n<p>F.B. &#8211; R.H.<\/p>\n","protected":false},"excerpt":{"rendered":"<p>BEYRUT \u2013 L\u00fcbnan Hizbullah Partisi Genel Sekreteri Hasan Nasrullah Beyrut\u2019un g\u00fcney \u00e7evresinde yer alan Burc el Barahiye b\u00f6lgesinde d\u00fczenlenen iki ter\u00f6r sald\u0131r\u0131s\u0131n\u0131n en \u00f6nemli amac\u0131n\u0131n L\u00fcbnan\u2019da fitne yaratmak oldu\u011funu ifade ederek L\u00fcbnan halk\u0131n\u0131n bilin\u00e7li tutumu sayesinde bu amac\u0131n ba\u015far\u0131s\u0131zl\u0131\u011fa u\u011frat\u0131ld\u0131\u011f\u0131n\u0131 belirtti. D\u00fcn bir televizyon program\u0131na kat\u0131lan Nasrullah; Burc el Beracine b\u00f6lgesinde d\u00fczenlenen ter\u00f6r sald\u0131r\u0131lar\u0131nda \u015fehit &hellip;<\/p>\n","protected":false},"author":1,"featured_media":52338,"comment_status":"closed","ping_status":"closed","sticky":false,"template":"","format":"standard","meta":{"footnotes":""},"categories":[458,459,447],"tags":[17709],"class_list":["post-52336","post","type-post","status-publish","format-standard","has-post-thumbnail","","category-dunya1","category-haberler-arap-uluslararasi-politika","category-politika","tag-teror-saldirilari-lubnanda-fitne-yaratmayi-amacliyor"],"_links":{"self":[{"href":"https:\/\/archive.sana.sy\/tr\/index.php?rest_route=\/wp\/v2\/posts\/52336","targetHints":{"allow":["GET"]}}],"collection":[{"href":"https:\/\/archive.sana.sy\/tr\/index.php?rest_route=\/wp\/v2\/posts"}],"about":[{"href":"https:\/\/archive.sana.sy\/tr\/index.php?rest_route=\/wp\/v2\/types\/post"}],"author":[{"embeddable":true,"href":"https:\/\/archive.sana.sy\/tr\/index.php?rest_route=\/wp\/v2\/users\/1"}],"replies":[{"embeddable":true,"href":"https:\/\/archive.sana.sy\/tr\/index.php?rest_route=%2Fwp%2Fv2%2Fcomments&post=52336"}],"version-history":[{"count":0,"href":"https:\/\/archive.sana.sy\/tr\/index.php?rest_route=\/wp\/v2\/posts\/52336\/revisions"}],"wp:featuredmedia":[{"embeddable":true,"href":"https:\/\/archive.sana.sy\/tr\/index.php?rest_route=\/wp\/v2\/media\/52338"}],"wp:attachment":[{"href":"https:\/\/archive.sana.sy\/tr\/index.php?rest_route=%2Fwp%2Fv2%2Fmedia&parent=52336"}],"wp:term":[{"taxonomy":"category","embeddable":true,"href":"https:\/\/archive.sana.sy\/tr\/index.php?rest_route=%2Fwp%2Fv2%2Fcategories&post=52336"},{"taxonomy":"post_tag","embeddable":true,"href":"https:\/\/archive.sana.sy\/tr\/index.php?rest_route=%2Fwp%2Fv2%2Ftags&post=52336"}],"curies":[{"name":"wp","href":"https:\/\/api.w.org\/{rel}","templated":true}]}}