{"id":52340,"date":"2015-11-15T12:46:36","date_gmt":"2015-11-15T10:46:36","guid":{"rendered":"http:\/\/www.sana.sy\/tr\/?p=52340"},"modified":"2015-11-15T12:46:36","modified_gmt":"2015-11-15T10:46:36","slug":"fabrikalarin-%80i-misirda-kuruldu","status":"publish","type":"post","link":"https:\/\/archive.sana.sy\/tr\/?p=52340","title":{"rendered":"Fabrikalar\u0131n %80\u2019i M\u0131s\u0131r\u2019da Kuruldu"},"content":{"rendered":"<p>\u015eAM \u2013 M\u0131s\u0131r\u2019da Suriyeli \u0130\u015fadamlar\u0131 Toplulu\u011fu Ba\u015fkan\u0131 Haldun el Muvakka ter\u00f6r eylemleri nedeniyle yurtd\u0131\u015f\u0131na \u00e7\u0131kar\u0131lan fabrikalar\u0131n %80\u2019ninin M\u0131s\u0131r\u2019da kuruldu\u011funu belirtti.<\/p>\n<p>Muvakka bug\u00fcn SANA\u2019ya yapt\u0131\u011f\u0131 a\u00e7\u0131klamada; fabrikalar\u0131n kurulmas\u0131na ili\u015fkin kanun ve yasalar\u0131n karma\u015f\u0131kl\u0131\u011f\u0131 nedeniyle bu konuda tam olarak dakik bir istatisti\u011fin yap\u0131lamad\u0131\u011f\u0131n\u0131 s\u00f6yledi.<\/p>\n<p>Suriyelilerin M\u0131s\u0131r piyasas\u0131n\u0131 yak\u0131ndan tan\u0131malar\u0131 ve kriz \u00f6ncesinde \u00fcr\u00fcnlerinin \u00f6nemli bir pazar\u0131n\u0131 te\u015fkil etmesi nedeniyle M\u0131s\u0131r\u2019\u0131 tercih ettiklerini ifade eden Muvakka; ayn\u0131 zamanda M\u0131s\u0131r\u2019\u0131n en b\u00fcy\u00fck Arap \u00fclkesi olmas\u0131n\u0131n da bu konuda rol oynad\u0131\u011f\u0131n\u0131 s\u00f6yledi. Muvakka Suriyelilerin M\u0131s\u0131r\u2019a ta\u015f\u0131d\u0131klar\u0131 fabrikalar\u0131n genel olarak giyim, tekstil ve g\u0131da alanlar\u0131nda oldu\u011funu belirtti. M\u0131s\u0131r\u2019a ta\u015f\u0131nan fabrikalar\u0131n genel olarak orta ve hafif sanayiden ibaret oldu\u011funa i\u015faret eden Muvakka; a\u011f\u0131r sanayi fabrikalar\u0131n ise az say\u0131da oldu\u011funu s\u00f6zlerine ekledi.<\/p>\n<p>Muvakka Suriyeli \u00fcr\u00fcnlerin M\u0131s\u0131r ve Afrika \u00fclkelerinde b\u00fcy\u00fck ilgi g\u00f6rd\u00fc\u011f\u00fcn\u00fc, dolay\u0131s\u0131yla \u00fcr\u00fcnlerin \u00fczerine \u2018M\u0131s\u0131r\u2019da Suriyeliler Taraf\u0131ndan \u00dcretilmi\u015ftir\u2019 ibaresinin yaz\u0131ld\u0131\u011f\u0131na dikkat \u00e7ekti.<\/p>\n<p>R.H.<\/p>\n","protected":false},"excerpt":{"rendered":"<p>\u015eAM \u2013 M\u0131s\u0131r\u2019da Suriyeli \u0130\u015fadamlar\u0131 Toplulu\u011fu Ba\u015fkan\u0131 Haldun el Muvakka ter\u00f6r eylemleri nedeniyle yurtd\u0131\u015f\u0131na \u00e7\u0131kar\u0131lan fabrikalar\u0131n %80\u2019ninin M\u0131s\u0131r\u2019da kuruldu\u011funu belirtti. Muvakka bug\u00fcn SANA\u2019ya yapt\u0131\u011f\u0131 a\u00e7\u0131klamada; fabrikalar\u0131n kurulmas\u0131na ili\u015fkin kanun ve yasalar\u0131n karma\u015f\u0131kl\u0131\u011f\u0131 nedeniyle bu konuda tam olarak dakik bir istatisti\u011fin yap\u0131lamad\u0131\u011f\u0131n\u0131 s\u00f6yledi. Suriyelilerin M\u0131s\u0131r piyasas\u0131n\u0131 yak\u0131ndan tan\u0131malar\u0131 ve kriz \u00f6ncesinde \u00fcr\u00fcnlerinin \u00f6nemli bir pazar\u0131n\u0131 te\u015fkil &hellip;<\/p>\n","protected":false},"author":1,"featured_media":52342,"comment_status":"closed","ping_status":"closed","sticky":false,"template":"","format":"standard","meta":{"footnotes":""},"categories":[485,486],"tags":[17710],"class_list":["post-52340","post","type-post","status-publish","format-standard","has-post-thumbnail","","category-is-ve-sermaye","category-haberler-is-ve-sermaye","tag-fabrikalarin-i-misirda-kuruldu"],"_links":{"self":[{"href":"https:\/\/archive.sana.sy\/tr\/index.php?rest_route=\/wp\/v2\/posts\/52340","targetHints":{"allow":["GET"]}}],"collection":[{"href":"https:\/\/archive.sana.sy\/tr\/index.php?rest_route=\/wp\/v2\/posts"}],"about":[{"href":"https:\/\/archive.sana.sy\/tr\/index.php?rest_route=\/wp\/v2\/types\/post"}],"author":[{"embeddable":true,"href":"https:\/\/archive.sana.sy\/tr\/index.php?rest_route=\/wp\/v2\/users\/1"}],"replies":[{"embeddable":true,"href":"https:\/\/archive.sana.sy\/tr\/index.php?rest_route=%2Fwp%2Fv2%2Fcomments&post=52340"}],"version-history":[{"count":0,"href":"https:\/\/archive.sana.sy\/tr\/index.php?rest_route=\/wp\/v2\/posts\/52340\/revisions"}],"wp:featuredmedia":[{"embeddable":true,"href":"https:\/\/archive.sana.sy\/tr\/index.php?rest_route=\/wp\/v2\/media\/52342"}],"wp:attachment":[{"href":"https:\/\/archive.sana.sy\/tr\/index.php?rest_route=%2Fwp%2Fv2%2Fmedia&parent=52340"}],"wp:term":[{"taxonomy":"category","embeddable":true,"href":"https:\/\/archive.sana.sy\/tr\/index.php?rest_route=%2Fwp%2Fv2%2Fcategories&post=52340"},{"taxonomy":"post_tag","embeddable":true,"href":"https:\/\/archive.sana.sy\/tr\/index.php?rest_route=%2Fwp%2Fv2%2Ftags&post=52340"}],"curies":[{"name":"wp","href":"https:\/\/api.w.org\/{rel}","templated":true}]}}