{"id":52362,"date":"2015-11-15T13:56:06","date_gmt":"2015-11-15T11:56:06","guid":{"rendered":"http:\/\/www.sana.sy\/tr\/?p=52362"},"modified":"2015-11-15T13:56:06","modified_gmt":"2015-11-15T11:56:06","slug":"elimizde-dakik-bilgiler-var","status":"publish","type":"post","link":"https:\/\/archive.sana.sy\/tr\/?p=52362","title":{"rendered":"Elimizde Dakik Bilgiler Var"},"content":{"rendered":"<p>TRABLUS \u2013 Libya D\u0131\u015fi\u015fleri bakan\u0131 Muhammed el Dayiri \u00fclkesinin; son zamanlarda Suriye&#8217;den Libya&#8217;ya olan I\u015e\u0130D ak\u0131n\u0131na ili\u015fkin dakik bilgiler elde etti\u011fini a\u00e7\u0131klad\u0131.<\/p>\n<p>Dayiri bug\u00fcn yapt\u0131\u011f\u0131 bas\u0131n a\u00e7\u0131klamas\u0131nda Rus hava g\u00fc\u00e7lerinin Suriye&#8217;de operasyonlara ba\u015flamalar\u0131ndan sonra I\u015e\u0130D\u2019in Libya&#8217;ya ak\u0131n etti\u011fini ve kaosun ya\u015fand\u0131\u011f\u0131 Libyay\u0131 tekfirci ter\u00f6ristler i\u00e7in g\u00fcvenli bar\u0131nak haline getirmeyi ama\u00e7lad\u0131\u011f\u0131n\u0131 s\u00f6yledi.<\/p>\n<p>Libya&#8217;n\u0131n bat\u0131s\u0131nda tekfirci ter\u00f6ristlerin e\u011fitim kamplar\u0131n\u0131n bulundu\u011funa ili\u015fkin ellerinde kesin bilgilerin bulundu\u011funu s\u00f6yleyen Dayiri; bu kamplarda \u00f6zellikle Tunus olmak \u00fczere muhtelif devletlerden tekfircilerin ter\u00f6r e\u011fitimi ald\u0131klar\u0131n\u0131 s\u00f6zlerine ekledi.<\/p>\n<p>T\u00fcrkiye&#8217;deki Erdo\u011fan rejiminin yan\u0131 s\u0131ra Suudi vahhabi krall\u0131\u011f\u0131 ve Katar \u015feyhli\u011finin Suriye&#8217;den Libya&#8217;ya havayollar\u0131 arac\u0131l\u0131\u011f\u0131 ile tekfirci ter\u00f6rist ta\u015f\u0131d\u0131klar\u0131 medya ve istihbarat raporlar\u0131nda belirtilmi\u015fti.<\/p>\n","protected":false},"excerpt":{"rendered":"<p>TRABLUS \u2013 Libya D\u0131\u015fi\u015fleri bakan\u0131 Muhammed el Dayiri \u00fclkesinin; son zamanlarda Suriye&#8217;den Libya&#8217;ya olan I\u015e\u0130D ak\u0131n\u0131na ili\u015fkin dakik bilgiler elde etti\u011fini a\u00e7\u0131klad\u0131. Dayiri bug\u00fcn yapt\u0131\u011f\u0131 bas\u0131n a\u00e7\u0131klamas\u0131nda Rus hava g\u00fc\u00e7lerinin Suriye&#8217;de operasyonlara ba\u015flamalar\u0131ndan sonra I\u015e\u0130D\u2019in Libya&#8217;ya ak\u0131n etti\u011fini ve kaosun ya\u015fand\u0131\u011f\u0131 Libyay\u0131 tekfirci ter\u00f6ristler i\u00e7in g\u00fcvenli bar\u0131nak haline getirmeyi ama\u00e7lad\u0131\u011f\u0131n\u0131 s\u00f6yledi. Libya&#8217;n\u0131n bat\u0131s\u0131nda tekfirci ter\u00f6ristlerin &hellip;<\/p>\n","protected":false},"author":1,"featured_media":52363,"comment_status":"closed","ping_status":"closed","sticky":false,"template":"","format":"standard","meta":{"footnotes":""},"categories":[458,459,447],"tags":[],"class_list":["post-52362","post","type-post","status-publish","format-standard","has-post-thumbnail","","category-dunya1","category-haberler-arap-uluslararasi-politika","category-politika"],"_links":{"self":[{"href":"https:\/\/archive.sana.sy\/tr\/index.php?rest_route=\/wp\/v2\/posts\/52362","targetHints":{"allow":["GET"]}}],"collection":[{"href":"https:\/\/archive.sana.sy\/tr\/index.php?rest_route=\/wp\/v2\/posts"}],"about":[{"href":"https:\/\/archive.sana.sy\/tr\/index.php?rest_route=\/wp\/v2\/types\/post"}],"author":[{"embeddable":true,"href":"https:\/\/archive.sana.sy\/tr\/index.php?rest_route=\/wp\/v2\/users\/1"}],"replies":[{"embeddable":true,"href":"https:\/\/archive.sana.sy\/tr\/index.php?rest_route=%2Fwp%2Fv2%2Fcomments&post=52362"}],"version-history":[{"count":0,"href":"https:\/\/archive.sana.sy\/tr\/index.php?rest_route=\/wp\/v2\/posts\/52362\/revisions"}],"wp:featuredmedia":[{"embeddable":true,"href":"https:\/\/archive.sana.sy\/tr\/index.php?rest_route=\/wp\/v2\/media\/52363"}],"wp:attachment":[{"href":"https:\/\/archive.sana.sy\/tr\/index.php?rest_route=%2Fwp%2Fv2%2Fmedia&parent=52362"}],"wp:term":[{"taxonomy":"category","embeddable":true,"href":"https:\/\/archive.sana.sy\/tr\/index.php?rest_route=%2Fwp%2Fv2%2Fcategories&post=52362"},{"taxonomy":"post_tag","embeddable":true,"href":"https:\/\/archive.sana.sy\/tr\/index.php?rest_route=%2Fwp%2Fv2%2Ftags&post=52362"}],"curies":[{"name":"wp","href":"https:\/\/api.w.org\/{rel}","templated":true}]}}