{"id":52365,"date":"2015-11-15T14:06:52","date_gmt":"2015-11-15T12:06:52","guid":{"rendered":"http:\/\/www.sana.sy\/tr\/?p=52365"},"modified":"2015-11-15T14:06:52","modified_gmt":"2015-11-15T12:06:52","slug":"tek-yolu-uluslararasi-cabalari-birlestirmektir","status":"publish","type":"post","link":"https:\/\/archive.sana.sy\/tr\/?p=52365","title":{"rendered":"Tek Yolu Uluslararas\u0131 \u00c7abalar\u0131 Birle\u015ftirmektir"},"content":{"rendered":"<p>ANTALYA \u2013 Rusya Ba\u015fkan\u0131 Vladimir Putin ter\u00f6r tehlikesinin \u00fcstesinden gelme ve m\u00fcltecilere yard\u0131m etmenin tek yolunun t\u00fcm uluslar aras\u0131 \u00e7abalar\u0131 birle\u015ftirmekle m\u00fcmk\u00fcn olabilece\u011fini belirtti.<\/p>\n<p>T\u00fcrkiye&#8217;nin Antalya \u015eehrinde d\u00fczenlenmekte olan G-20 liderler zirvesi \u00e7er\u00e7evesinde bug\u00fcn BRICS grubu liderleriyle bir araya gelen Putin; ter\u00f6rle m\u00fccadelede BM misak\u0131 ve ilgili uluslar aras\u0131 kararlara ba\u011fl\u0131 kalma gere\u011fine vurgu yapt\u0131. Putin bu ba\u011flamda ayr\u0131ca ba\u015fka \u00fclkelerin egemenli\u011fine ve ulusal \u00e7\u0131karlar\u0131na da sayg\u0131 g\u00f6stermenin \u00f6nemini ifade etti.<\/p>\n<p>Rusya, \u00c7in, Brezilya, Hindistan ve G\u00fcney Afrika\u2019dan olu\u015fan BRICS Grubu liderleri oturumlar\u0131nda G-20 Liderler zirvesinin g\u00fcndemine ek olarak uluslar aras\u0131 d\u00fczeyde ortak \u00f6nem ta\u015f\u0131yan bir dizi meseleyi masaya yat\u0131rd\u0131.<\/p>\n","protected":false},"excerpt":{"rendered":"<p>ANTALYA \u2013 Rusya Ba\u015fkan\u0131 Vladimir Putin ter\u00f6r tehlikesinin \u00fcstesinden gelme ve m\u00fcltecilere yard\u0131m etmenin tek yolunun t\u00fcm uluslar aras\u0131 \u00e7abalar\u0131 birle\u015ftirmekle m\u00fcmk\u00fcn olabilece\u011fini belirtti. T\u00fcrkiye&#8217;nin Antalya \u015eehrinde d\u00fczenlenmekte olan G-20 liderler zirvesi \u00e7er\u00e7evesinde bug\u00fcn BRICS grubu liderleriyle bir araya gelen Putin; ter\u00f6rle m\u00fccadelede BM misak\u0131 ve ilgili uluslar aras\u0131 kararlara ba\u011fl\u0131 kalma gere\u011fine vurgu yapt\u0131. &hellip;<\/p>\n","protected":false},"author":1,"featured_media":52366,"comment_status":"closed","ping_status":"closed","sticky":false,"template":"","format":"standard","meta":{"footnotes":""},"categories":[458,459,447,2554,2555],"tags":[16904],"class_list":["post-52365","post","type-post","status-publish","format-standard","has-post-thumbnail","","category-dunya1","category-haberler-arap-uluslararasi-politika","category-politika","category-suriye-ve-dunya","category-suriye-ve-turkiye","tag-rusya-baskani-vladimir-putin"],"_links":{"self":[{"href":"https:\/\/archive.sana.sy\/tr\/index.php?rest_route=\/wp\/v2\/posts\/52365","targetHints":{"allow":["GET"]}}],"collection":[{"href":"https:\/\/archive.sana.sy\/tr\/index.php?rest_route=\/wp\/v2\/posts"}],"about":[{"href":"https:\/\/archive.sana.sy\/tr\/index.php?rest_route=\/wp\/v2\/types\/post"}],"author":[{"embeddable":true,"href":"https:\/\/archive.sana.sy\/tr\/index.php?rest_route=\/wp\/v2\/users\/1"}],"replies":[{"embeddable":true,"href":"https:\/\/archive.sana.sy\/tr\/index.php?rest_route=%2Fwp%2Fv2%2Fcomments&post=52365"}],"version-history":[{"count":0,"href":"https:\/\/archive.sana.sy\/tr\/index.php?rest_route=\/wp\/v2\/posts\/52365\/revisions"}],"wp:featuredmedia":[{"embeddable":true,"href":"https:\/\/archive.sana.sy\/tr\/index.php?rest_route=\/wp\/v2\/media\/52366"}],"wp:attachment":[{"href":"https:\/\/archive.sana.sy\/tr\/index.php?rest_route=%2Fwp%2Fv2%2Fmedia&parent=52365"}],"wp:term":[{"taxonomy":"category","embeddable":true,"href":"https:\/\/archive.sana.sy\/tr\/index.php?rest_route=%2Fwp%2Fv2%2Fcategories&post=52365"},{"taxonomy":"post_tag","embeddable":true,"href":"https:\/\/archive.sana.sy\/tr\/index.php?rest_route=%2Fwp%2Fv2%2Ftags&post=52365"}],"curies":[{"name":"wp","href":"https:\/\/api.w.org\/{rel}","templated":true}]}}