{"id":52368,"date":"2015-11-15T11:07:10","date_gmt":"2015-11-15T09:07:10","guid":{"rendered":"http:\/\/www.sana.sy\/tr\/?p=52368"},"modified":"2015-11-15T14:44:32","modified_gmt":"2015-11-15T12:44:32","slug":"ordu-birliklerimiz-suveyda-kirsalinin-guneydogusu-tel-saaf-bolgesinin-dogusunda-isid-orgutune-ait-bir-arac-konvoyunu-hedef-alirken-konvoyda-bulunan-bircok-araci-tasidigi-terorist-ve-cephaneyle-birlikt","status":"publish","type":"post","link":"https:\/\/archive.sana.sy\/tr\/?p=52368","title":{"rendered":"Ordu birliklerimiz S\u00fcveyda k\u0131rsal\u0131n\u0131n g\u00fcneydo\u011fusu Tel \u015eaaf B\u00f6lgesinin do\u011fusunda I\u015e\u0130D \u00d6rg\u00fct\u00fcne ait bir ara\u00e7 konvoyunu hedef al\u0131rken konvoyda bulunan bir\u00e7ok arac\u0131 ta\u015f\u0131d\u0131\u011f\u0131 ter\u00f6rist ve cephaneyle birlikte imha etti."},"content":{"rendered":"<p>Ordu birliklerimiz S\u00fcveyda k\u0131rsal\u0131n\u0131n g\u00fcneydo\u011fusu Tel \u015eaaf B\u00f6lgesinin do\u011fusunda I\u015e\u0130D \u00d6rg\u00fct\u00fcne ait bir ara\u00e7 konvoyunu hedef al\u0131rken konvoyda bulunan bir\u00e7ok arac\u0131 ta\u015f\u0131d\u0131\u011f\u0131 ter\u00f6rist ve cephaneyle birlikte imha etti.<\/p>\n","protected":false},"excerpt":{"rendered":"<p>Ordu birliklerimiz S\u00fcveyda k\u0131rsal\u0131n\u0131n g\u00fcneydo\u011fusu Tel \u015eaaf B\u00f6lgesinin do\u011fusunda I\u015e\u0130D \u00d6rg\u00fct\u00fcne ait bir ara\u00e7 konvoyunu hedef al\u0131rken konvoyda bulunan bir\u00e7ok arac\u0131 ta\u015f\u0131d\u0131\u011f\u0131 ter\u00f6rist ve cephaneyle birlikte imha etti.<\/p>\n","protected":false},"author":1,"featured_media":0,"comment_status":"closed","ping_status":"closed","sticky":false,"template":"","format":"standard","meta":{"footnotes":""},"categories":[1],"tags":[],"class_list":["post-52368","post","type-post","status-publish","format-standard","","category-news-not-sorted"],"_links":{"self":[{"href":"https:\/\/archive.sana.sy\/tr\/index.php?rest_route=\/wp\/v2\/posts\/52368","targetHints":{"allow":["GET"]}}],"collection":[{"href":"https:\/\/archive.sana.sy\/tr\/index.php?rest_route=\/wp\/v2\/posts"}],"about":[{"href":"https:\/\/archive.sana.sy\/tr\/index.php?rest_route=\/wp\/v2\/types\/post"}],"author":[{"embeddable":true,"href":"https:\/\/archive.sana.sy\/tr\/index.php?rest_route=\/wp\/v2\/users\/1"}],"replies":[{"embeddable":true,"href":"https:\/\/archive.sana.sy\/tr\/index.php?rest_route=%2Fwp%2Fv2%2Fcomments&post=52368"}],"version-history":[{"count":0,"href":"https:\/\/archive.sana.sy\/tr\/index.php?rest_route=\/wp\/v2\/posts\/52368\/revisions"}],"wp:attachment":[{"href":"https:\/\/archive.sana.sy\/tr\/index.php?rest_route=%2Fwp%2Fv2%2Fmedia&parent=52368"}],"wp:term":[{"taxonomy":"category","embeddable":true,"href":"https:\/\/archive.sana.sy\/tr\/index.php?rest_route=%2Fwp%2Fv2%2Fcategories&post=52368"},{"taxonomy":"post_tag","embeddable":true,"href":"https:\/\/archive.sana.sy\/tr\/index.php?rest_route=%2Fwp%2Fv2%2Ftags&post=52368"}],"curies":[{"name":"wp","href":"https:\/\/api.w.org\/{rel}","templated":true}]}}