{"id":5237,"date":"2014-07-14T16:34:08","date_gmt":"2014-07-14T13:34:08","guid":{"rendered":"\/tr\/?p=5237"},"modified":"2014-07-14T16:52:47","modified_gmt":"2014-07-14T13:52:47","slug":"haseke-15-ton-ilac-ve-tibbi-malzeme-teslim-aldi","status":"publish","type":"post","link":"https:\/\/archive.sana.sy\/tr\/?p=5237","title":{"rendered":"Haseke, 15 Ton \u0130la\u00e7 ve T\u0131bbi Malzeme Teslim Ald\u0131"},"content":{"rendered":"<p>HASEKE \u2013 Haseke \u0130l Sa\u011fl\u0131k M\u00fcd\u00fcrl\u00fc\u011f\u00fc bug\u00fcn Sa\u011fl\u0131k Bakanl\u0131\u011f\u0131ndan ila\u00e7 ve t\u0131bbi malzemelerden olu\u015fan 15 ton sa\u011fl\u0131k kargosu teslim ald\u0131.<\/p>\n<p>Kam\u0131\u015fl\u0131 Havaliman\u0131 \u00fczerinden ula\u015ft\u0131r\u0131lan sa\u011fl\u0131k kargosunu teslim alan \u0130l Sa\u011fl\u0131k M\u00fcd\u00fcr\u00fc Muhammed Halef SANA muhabirine yapt\u0131\u011f\u0131 a\u00e7\u0131klamada; sa\u011fl\u0131k kargosunda ens\u00fclin, muhtelif t\u00fcr a\u015f\u0131lar, a\u011fr\u0131 kesici ve antibiyotik ila\u00e7 t\u00fcrlerinin yan\u0131 s\u0131ra t\u0131bbi gere\u00e7ler i\u00e7erdi\u011fini a\u00e7\u0131klad\u0131.<\/p>\n<p>Halep \u0130l Sa\u011fl\u0131k M\u00fcd\u00fcrl\u00fc\u011f\u00fcn\u00fcn Sa\u011fl\u0131k Bakanl\u0131\u011f\u0131 arac\u0131l\u0131\u011f\u0131 ile her daim t\u00fcm ilin t\u0131bbi gereksinimlerini temin etme \u00e7abas\u0131nda oldu\u011funun alt\u0131n\u0131 \u00e7izdi. <\/p>\n","protected":false},"excerpt":{"rendered":"<p>HASEKE \u2013 Haseke \u0130l Sa\u011fl\u0131k M\u00fcd\u00fcrl\u00fc\u011f\u00fc bug\u00fcn Sa\u011fl\u0131k Bakanl\u0131\u011f\u0131ndan ila\u00e7 ve t\u0131bbi malzemelerden olu\u015fan 15 ton sa\u011fl\u0131k kargosu teslim ald\u0131. Kam\u0131\u015fl\u0131 Havaliman\u0131 \u00fczerinden ula\u015ft\u0131r\u0131lan sa\u011fl\u0131k kargosunu teslim alan \u0130l Sa\u011fl\u0131k M\u00fcd\u00fcr\u00fc Muhammed Halef SANA muhabirine yapt\u0131\u011f\u0131 a\u00e7\u0131klamada; sa\u011fl\u0131k kargosunda ens\u00fclin, muhtelif t\u00fcr a\u015f\u0131lar, a\u011fr\u0131 kesici ve antibiyotik ila\u00e7 t\u00fcrlerinin yan\u0131 s\u0131ra t\u0131bbi gere\u00e7ler i\u00e7erdi\u011fini a\u00e7\u0131klad\u0131. &hellip;<\/p>\n","protected":false},"author":1,"featured_media":5244,"comment_status":"closed","ping_status":"closed","sticky":false,"template":"","format":"standard","meta":{"footnotes":""},"categories":[1],"tags":[1141,1140],"class_list":["post-5237","post","type-post","status-publish","format-standard","has-post-thumbnail","","category-news-not-sorted","tag-15-ton-ilac-ve-tibbi-malzeme-teslim-aldi","tag-haseke"],"_links":{"self":[{"href":"https:\/\/archive.sana.sy\/tr\/index.php?rest_route=\/wp\/v2\/posts\/5237","targetHints":{"allow":["GET"]}}],"collection":[{"href":"https:\/\/archive.sana.sy\/tr\/index.php?rest_route=\/wp\/v2\/posts"}],"about":[{"href":"https:\/\/archive.sana.sy\/tr\/index.php?rest_route=\/wp\/v2\/types\/post"}],"author":[{"embeddable":true,"href":"https:\/\/archive.sana.sy\/tr\/index.php?rest_route=\/wp\/v2\/users\/1"}],"replies":[{"embeddable":true,"href":"https:\/\/archive.sana.sy\/tr\/index.php?rest_route=%2Fwp%2Fv2%2Fcomments&post=5237"}],"version-history":[{"count":0,"href":"https:\/\/archive.sana.sy\/tr\/index.php?rest_route=\/wp\/v2\/posts\/5237\/revisions"}],"wp:featuredmedia":[{"embeddable":true,"href":"https:\/\/archive.sana.sy\/tr\/index.php?rest_route=\/wp\/v2\/media\/5244"}],"wp:attachment":[{"href":"https:\/\/archive.sana.sy\/tr\/index.php?rest_route=%2Fwp%2Fv2%2Fmedia&parent=5237"}],"wp:term":[{"taxonomy":"category","embeddable":true,"href":"https:\/\/archive.sana.sy\/tr\/index.php?rest_route=%2Fwp%2Fv2%2Fcategories&post=5237"},{"taxonomy":"post_tag","embeddable":true,"href":"https:\/\/archive.sana.sy\/tr\/index.php?rest_route=%2Fwp%2Fv2%2Ftags&post=5237"}],"curies":[{"name":"wp","href":"https:\/\/api.w.org\/{rel}","templated":true}]}}