{"id":5239,"date":"2014-07-14T16:43:51","date_gmt":"2014-07-14T13:43:51","guid":{"rendered":"\/tr\/?p=5239"},"modified":"2014-07-14T16:43:51","modified_gmt":"2014-07-14T13:43:51","slug":"yolcu-minibusune-ates-actilar","status":"publish","type":"post","link":"https:\/\/archive.sana.sy\/tr\/?p=5239","title":{"rendered":"Yolcu Minib\u00fcs\u00fcne Ate\u015f A\u00e7t\u0131lar"},"content":{"rendered":"<p>\u015eAM KIRSALI \u2013 \u015eam Kentinin kuzey giri\u015finde Kabun B\u00f6lgesinde keskin ni\u015fanc\u0131 bir ter\u00f6ristin bug\u00fcn bir yolcu minib\u00fcs\u00fcne ate\u015f a\u00e7malar\u0131 sonucunda iki vatanda\u015f yaraland\u0131.<\/p>\n<p>\u015eam Emniyet M\u00fcd\u00fcrl\u00fc\u011f\u00fcnde yetkili bir kaynak yaralanan iki vatanda\u015f\u0131n hastaneye kald\u0131r\u0131ld\u0131klar\u0131n\u0131 ve gerekli t\u0131bbi m\u00fcdahalenin yap\u0131ld\u0131\u011f\u0131n\u0131 belirtti.<\/p>\n","protected":false},"excerpt":{"rendered":"<p>\u015eAM KIRSALI \u2013 \u015eam Kentinin kuzey giri\u015finde Kabun B\u00f6lgesinde keskin ni\u015fanc\u0131 bir ter\u00f6ristin bug\u00fcn bir yolcu minib\u00fcs\u00fcne ate\u015f a\u00e7malar\u0131 sonucunda iki vatanda\u015f yaraland\u0131. \u015eam Emniyet M\u00fcd\u00fcrl\u00fc\u011f\u00fcnde yetkili bir kaynak yaralanan iki vatanda\u015f\u0131n hastaneye kald\u0131r\u0131ld\u0131klar\u0131n\u0131 ve gerekli t\u0131bbi m\u00fcdahalenin yap\u0131ld\u0131\u011f\u0131n\u0131 belirtti.<\/p>\n","protected":false},"author":1,"featured_media":5240,"comment_status":"closed","ping_status":"closed","sticky":false,"template":"","format":"standard","meta":{"footnotes":""},"categories":[575],"tags":[1142],"class_list":["post-5239","post","type-post","status-publish","format-standard","has-post-thumbnail","","category-olaylar-ve-gercekler","tag-yolcu-minibusune-ates-actilar"],"_links":{"self":[{"href":"https:\/\/archive.sana.sy\/tr\/index.php?rest_route=\/wp\/v2\/posts\/5239","targetHints":{"allow":["GET"]}}],"collection":[{"href":"https:\/\/archive.sana.sy\/tr\/index.php?rest_route=\/wp\/v2\/posts"}],"about":[{"href":"https:\/\/archive.sana.sy\/tr\/index.php?rest_route=\/wp\/v2\/types\/post"}],"author":[{"embeddable":true,"href":"https:\/\/archive.sana.sy\/tr\/index.php?rest_route=\/wp\/v2\/users\/1"}],"replies":[{"embeddable":true,"href":"https:\/\/archive.sana.sy\/tr\/index.php?rest_route=%2Fwp%2Fv2%2Fcomments&post=5239"}],"version-history":[{"count":0,"href":"https:\/\/archive.sana.sy\/tr\/index.php?rest_route=\/wp\/v2\/posts\/5239\/revisions"}],"wp:featuredmedia":[{"embeddable":true,"href":"https:\/\/archive.sana.sy\/tr\/index.php?rest_route=\/wp\/v2\/media\/5240"}],"wp:attachment":[{"href":"https:\/\/archive.sana.sy\/tr\/index.php?rest_route=%2Fwp%2Fv2%2Fmedia&parent=5239"}],"wp:term":[{"taxonomy":"category","embeddable":true,"href":"https:\/\/archive.sana.sy\/tr\/index.php?rest_route=%2Fwp%2Fv2%2Fcategories&post=5239"},{"taxonomy":"post_tag","embeddable":true,"href":"https:\/\/archive.sana.sy\/tr\/index.php?rest_route=%2Fwp%2Fv2%2Ftags&post=5239"}],"curies":[{"name":"wp","href":"https:\/\/api.w.org\/{rel}","templated":true}]}}