{"id":52406,"date":"2015-11-15T15:12:50","date_gmt":"2015-11-15T13:12:50","guid":{"rendered":"http:\/\/www.sana.sy\/tr\/?p=52406"},"modified":"2015-11-15T15:12:50","modified_gmt":"2015-11-15T13:12:50","slug":"erdogan-ceteleri-yine-sivilleri-hedef-aldi","status":"publish","type":"post","link":"https:\/\/archive.sana.sy\/tr\/?p=52406","title":{"rendered":"Erdo\u011fan \u00c7eteleri Yine Sivilleri Hedef Ald\u0131"},"content":{"rendered":"<p>HALEP \u2013 T\u00fcrkiye&#8217;de Erdo\u011fan rejiminin \u2018\u0131l\u0131ml\u0131 muhalifler\u2019 ad\u0131 alt\u0131nda destekleyip y\u00f6nlendirdi\u011fi ter\u00f6r \u00e7eteleri bug\u00fcn yine sivil yerle\u015fim alanlar\u0131n\u0131 f\u00fcze ve roketlerle hedef alarak savunmas\u0131z sivil insanlar\u0131n kurban gitmelerine yol a\u00e7t\u0131.<\/p>\n<p>Halep Valili\u011finde bir kaynak Erdo\u011fan rejiminin destek ve komutas\u0131ndaki ter\u00f6ristlerin Halep Kentinin Zehra Cemiyeti Semtine f\u00fczelerle sald\u0131rd\u0131klar\u0131n\u0131 belirtti. Kaynak hain sald\u0131r\u0131larda 3 ki\u015finin \u015fehit, 3 ki\u015finin de yaral\u0131 d\u00fc\u015ft\u00fcklerini ifade etti.<\/p>\n","protected":false},"excerpt":{"rendered":"<p>HALEP \u2013 T\u00fcrkiye&#8217;de Erdo\u011fan rejiminin \u2018\u0131l\u0131ml\u0131 muhalifler\u2019 ad\u0131 alt\u0131nda destekleyip y\u00f6nlendirdi\u011fi ter\u00f6r \u00e7eteleri bug\u00fcn yine sivil yerle\u015fim alanlar\u0131n\u0131 f\u00fcze ve roketlerle hedef alarak savunmas\u0131z sivil insanlar\u0131n kurban gitmelerine yol a\u00e7t\u0131. Halep Valili\u011finde bir kaynak Erdo\u011fan rejiminin destek ve komutas\u0131ndaki ter\u00f6ristlerin Halep Kentinin Zehra Cemiyeti Semtine f\u00fczelerle sald\u0131rd\u0131klar\u0131n\u0131 belirtti. Kaynak hain sald\u0131r\u0131larda 3 ki\u015finin \u015fehit, 3 &hellip;<\/p>\n","protected":false},"author":1,"featured_media":44612,"comment_status":"closed","ping_status":"closed","sticky":false,"template":"","format":"standard","meta":{"footnotes":""},"categories":[479,575,478],"tags":[17714],"class_list":["post-52406","post","type-post","status-publish","format-standard","has-post-thumbnail","","category-haberler-yerel","category-olaylar-ve-gercekler","category-yerel","tag-erdogan-ceteleri-yine-sivilleri-hedef-aldi"],"_links":{"self":[{"href":"https:\/\/archive.sana.sy\/tr\/index.php?rest_route=\/wp\/v2\/posts\/52406","targetHints":{"allow":["GET"]}}],"collection":[{"href":"https:\/\/archive.sana.sy\/tr\/index.php?rest_route=\/wp\/v2\/posts"}],"about":[{"href":"https:\/\/archive.sana.sy\/tr\/index.php?rest_route=\/wp\/v2\/types\/post"}],"author":[{"embeddable":true,"href":"https:\/\/archive.sana.sy\/tr\/index.php?rest_route=\/wp\/v2\/users\/1"}],"replies":[{"embeddable":true,"href":"https:\/\/archive.sana.sy\/tr\/index.php?rest_route=%2Fwp%2Fv2%2Fcomments&post=52406"}],"version-history":[{"count":0,"href":"https:\/\/archive.sana.sy\/tr\/index.php?rest_route=\/wp\/v2\/posts\/52406\/revisions"}],"wp:featuredmedia":[{"embeddable":true,"href":"https:\/\/archive.sana.sy\/tr\/index.php?rest_route=\/wp\/v2\/media\/44612"}],"wp:attachment":[{"href":"https:\/\/archive.sana.sy\/tr\/index.php?rest_route=%2Fwp%2Fv2%2Fmedia&parent=52406"}],"wp:term":[{"taxonomy":"category","embeddable":true,"href":"https:\/\/archive.sana.sy\/tr\/index.php?rest_route=%2Fwp%2Fv2%2Fcategories&post=52406"},{"taxonomy":"post_tag","embeddable":true,"href":"https:\/\/archive.sana.sy\/tr\/index.php?rest_route=%2Fwp%2Fv2%2Ftags&post=52406"}],"curies":[{"name":"wp","href":"https:\/\/api.w.org\/{rel}","templated":true}]}}