{"id":52416,"date":"2015-11-15T16:08:48","date_gmt":"2015-11-15T14:08:48","guid":{"rendered":"http:\/\/www.sana.sy\/tr\/?p=52416"},"modified":"2015-11-15T16:08:48","modified_gmt":"2015-11-15T14:08:48","slug":"lazkiye-kirsalinda-turkiyede-resmi-ve-gayri-resmi-taraflarin-destekledikleri-azili-teror-cetelere-karsi-operasyonlarini-halk-savunma-gucleriyle-isbirligi-icinde-surduren-ordu-birliklerimiz-ruveyset","status":"publish","type":"post","link":"https:\/\/archive.sana.sy\/tr\/?p=52416","title":{"rendered":"Lazkiye k\u0131rsal\u0131nda T\u00fcrkiye&#8217;de resmi ve gayr\u0131 resmi taraflar\u0131n destekledikleri az\u0131l\u0131 ter\u00f6r \u00e7etelere kar\u015f\u0131 operasyonlar\u0131n\u0131 halk savunma g\u00fc\u00e7leriyle i\u015fbirli\u011fi i\u00e7inde s\u00fcrd\u00fcren ordu birliklerimiz Ruveyset \u0130skender B\u00f6lgesinde stratejik bir\u00e7ok tepenin yan\u0131 s\u0131ra 1149 Tepesi ve 1143 Tepesini ter\u00f6ristlerden temizleyip kontrollerine ald\u0131\u00e7"},"content":{"rendered":"<p>Lazkiye k\u0131rsal\u0131nda T\u00fcrkiye&#8217;de resmi ve gayr\u0131 resmi taraflar\u0131n destekledikleri az\u0131l\u0131 ter\u00f6r \u00e7etelere kar\u015f\u0131 operasyonlar\u0131n\u0131 halk savunma g\u00fc\u00e7leriyle i\u015fbirli\u011fi i\u00e7inde s\u00fcrd\u00fcren ordu birliklerimiz Ruveyset \u0130skender B\u00f6lgesinde stratejik bir\u00e7ok tepenin yan\u0131 s\u0131ra 1149 Tepesi ve 1143 Tepesini ter\u00f6ristlerden temizleyip kontrollerine ald\u0131\u00e7<\/p>\n","protected":false},"excerpt":{"rendered":"<p>Lazkiye k\u0131rsal\u0131nda T\u00fcrkiye&#8217;de resmi ve gayr\u0131 resmi taraflar\u0131n destekledikleri az\u0131l\u0131 ter\u00f6r \u00e7etelere kar\u015f\u0131 operasyonlar\u0131n\u0131 halk savunma g\u00fc\u00e7leriyle i\u015fbirli\u011fi i\u00e7inde s\u00fcrd\u00fcren ordu birliklerimiz Ruveyset \u0130skender B\u00f6lgesinde stratejik bir\u00e7ok tepenin yan\u0131 s\u0131ra 1149 Tepesi ve 1143 Tepesini ter\u00f6ristlerden temizleyip kontrollerine ald\u0131\u00e7<\/p>\n","protected":false},"author":1,"featured_media":0,"comment_status":"closed","ping_status":"closed","sticky":false,"template":"","format":"standard","meta":{"footnotes":""},"categories":[1],"tags":[],"class_list":["post-52416","post","type-post","status-publish","format-standard","","category-news-not-sorted"],"_links":{"self":[{"href":"https:\/\/archive.sana.sy\/tr\/index.php?rest_route=\/wp\/v2\/posts\/52416","targetHints":{"allow":["GET"]}}],"collection":[{"href":"https:\/\/archive.sana.sy\/tr\/index.php?rest_route=\/wp\/v2\/posts"}],"about":[{"href":"https:\/\/archive.sana.sy\/tr\/index.php?rest_route=\/wp\/v2\/types\/post"}],"author":[{"embeddable":true,"href":"https:\/\/archive.sana.sy\/tr\/index.php?rest_route=\/wp\/v2\/users\/1"}],"replies":[{"embeddable":true,"href":"https:\/\/archive.sana.sy\/tr\/index.php?rest_route=%2Fwp%2Fv2%2Fcomments&post=52416"}],"version-history":[{"count":0,"href":"https:\/\/archive.sana.sy\/tr\/index.php?rest_route=\/wp\/v2\/posts\/52416\/revisions"}],"wp:attachment":[{"href":"https:\/\/archive.sana.sy\/tr\/index.php?rest_route=%2Fwp%2Fv2%2Fmedia&parent=52416"}],"wp:term":[{"taxonomy":"category","embeddable":true,"href":"https:\/\/archive.sana.sy\/tr\/index.php?rest_route=%2Fwp%2Fv2%2Fcategories&post=52416"},{"taxonomy":"post_tag","embeddable":true,"href":"https:\/\/archive.sana.sy\/tr\/index.php?rest_route=%2Fwp%2Fv2%2Ftags&post=52416"}],"curies":[{"name":"wp","href":"https:\/\/api.w.org\/{rel}","templated":true}]}}