{"id":52576,"date":"2015-11-16T19:19:13","date_gmt":"2015-11-16T17:19:13","guid":{"rendered":"http:\/\/www.sana.sy\/tr\/?p=52576"},"modified":"2015-11-16T19:19:13","modified_gmt":"2015-11-16T17:19:13","slug":"sanaya-konusan-askeri-kaynak-ordu-birliklerimizin-aksam-saatlerinde-suveyda-kirsalinin-dogusu-mesbek-el-vidyan-bolgesinde-iside-ait-arac-konvoyu-ve-yakit-tankerlerini-yukleriyle-birl","status":"publish","type":"post","link":"https:\/\/archive.sana.sy\/tr\/?p=52576","title":{"rendered":"SANA\u2019ya konu\u015fan askeri kaynak ordu birliklerimizin ak\u015fam saatlerinde S\u00fcveyda k\u0131rsal\u0131n\u0131n do\u011fusu Me\u015fbek el Vidyan B\u00f6lgesinde I\u015e\u0130D\u2019e ait ara\u00e7 konvoyu ve yak\u0131t tankerlerini y\u00fckleriyle birlikte imha ettiklerini belirtti."},"content":{"rendered":"<p>SANA\u2019ya konu\u015fan askeri kaynak ordu birliklerimizin ak\u015fam saatlerinde S\u00fcveyda k\u0131rsal\u0131n\u0131n do\u011fusu Me\u015fbek el Vidyan B\u00f6lgesinde I\u015e\u0130D\u2019e ait ara\u00e7 konvoyu ve yak\u0131t tankerlerini y\u00fckleriyle birlikte imha ettiklerini belirtti.<\/p>\n","protected":false},"excerpt":{"rendered":"<p>SANA\u2019ya konu\u015fan askeri kaynak ordu birliklerimizin ak\u015fam saatlerinde S\u00fcveyda k\u0131rsal\u0131n\u0131n do\u011fusu Me\u015fbek el Vidyan B\u00f6lgesinde I\u015e\u0130D\u2019e ait ara\u00e7 konvoyu ve yak\u0131t tankerlerini y\u00fckleriyle birlikte imha ettiklerini belirtti.<\/p>\n","protected":false},"author":1,"featured_media":0,"comment_status":"closed","ping_status":"closed","sticky":false,"template":"","format":"standard","meta":{"footnotes":""},"categories":[1],"tags":[],"class_list":["post-52576","post","type-post","status-publish","format-standard","","category-news-not-sorted"],"_links":{"self":[{"href":"https:\/\/archive.sana.sy\/tr\/index.php?rest_route=\/wp\/v2\/posts\/52576","targetHints":{"allow":["GET"]}}],"collection":[{"href":"https:\/\/archive.sana.sy\/tr\/index.php?rest_route=\/wp\/v2\/posts"}],"about":[{"href":"https:\/\/archive.sana.sy\/tr\/index.php?rest_route=\/wp\/v2\/types\/post"}],"author":[{"embeddable":true,"href":"https:\/\/archive.sana.sy\/tr\/index.php?rest_route=\/wp\/v2\/users\/1"}],"replies":[{"embeddable":true,"href":"https:\/\/archive.sana.sy\/tr\/index.php?rest_route=%2Fwp%2Fv2%2Fcomments&post=52576"}],"version-history":[{"count":0,"href":"https:\/\/archive.sana.sy\/tr\/index.php?rest_route=\/wp\/v2\/posts\/52576\/revisions"}],"wp:attachment":[{"href":"https:\/\/archive.sana.sy\/tr\/index.php?rest_route=%2Fwp%2Fv2%2Fmedia&parent=52576"}],"wp:term":[{"taxonomy":"category","embeddable":true,"href":"https:\/\/archive.sana.sy\/tr\/index.php?rest_route=%2Fwp%2Fv2%2Fcategories&post=52576"},{"taxonomy":"post_tag","embeddable":true,"href":"https:\/\/archive.sana.sy\/tr\/index.php?rest_route=%2Fwp%2Fv2%2Ftags&post=52576"}],"curies":[{"name":"wp","href":"https:\/\/api.w.org\/{rel}","templated":true}]}}