{"id":52654,"date":"2015-11-17T14:12:51","date_gmt":"2015-11-17T12:12:51","guid":{"rendered":"http:\/\/www.sana.sy\/tr\/?p=52654"},"modified":"2015-11-17T14:12:51","modified_gmt":"2015-11-17T12:12:51","slug":"deradan-halk-heyeti-lazkiyede-yarali-ve-sehit-aileleri-onurlandirdi","status":"publish","type":"post","link":"https:\/\/archive.sana.sy\/tr\/?p=52654","title":{"rendered":"Dera\u2019dan Halk Heyeti Lazkiye\u2019de Yaral\u0131 ve \u015eehit Aileleri Onurland\u0131rd\u0131"},"content":{"rendered":"<p>LAZK\u0130YE \u2013 Vatan Kalkan\u0131 \u0130nisiyatifi bug\u00fcn Lazkiye\u2019de; vatan ve halk\u0131n\u0131 savunmada en b\u00fcy\u00fck c\u00f6mertli\u011fi sergileyen \u015fehitlerimizin aileleri ve yaral\u0131lara onur etkinli\u011fi d\u00fczenledi.<\/p>\n<p>500\u2019den fazla ailenin onurland\u0131r\u0131ld\u0131\u011f\u0131 etkinli\u011fe Dera \u0130linden 80\u2019den fazla dini, sosyal ve k\u00fclt\u00fcrel \u015fahsiyetlerden olu\u015fan bir halk heyeti kat\u0131ld\u0131.<\/p>\n<p>Lazkiye Valisi \u0130brahim H\u0131z\u0131r el Salim d\u00fcn ak\u015fam saatlerinde Esad k\u00fclt\u00fcr Merkezinde d\u00fczenlenen etkinlikte yapt\u0131\u011f\u0131 konu\u015fmada; Dera\u2019dan halk heyetinin Lazkiye\u2019ye gelip vatan sevgisiyle b\u00f6yle bir etkinlikte bulunman\u0131n takdire \u015fayan oldu\u011funu belirtti.<\/p>\n<div id='gallery-1' class='gallery galleryid-52654 gallery-columns-3 gallery-size-thumbnail'><figure class='gallery-item'>\n\t\t\t<div class='gallery-icon landscape'>\n\t\t\t\t<a href='https:\/\/archive.sana.sy\/tr\/wp-content\/uploads\/2015\/11\/173.jpg'><img loading=\"lazy\" decoding=\"async\" width=\"150\" height=\"103\" src=\"https:\/\/archive.sana.sy\/tr\/wp-content\/uploads\/2015\/11\/173-150x103.jpg\" class=\"attachment-thumbnail size-thumbnail\" alt=\"\" srcset=\"https:\/\/archive.sana.sy\/tr\/wp-content\/uploads\/2015\/11\/173-150x103.jpg 150w, https:\/\/archive.sana.sy\/tr\/wp-content\/uploads\/2015\/11\/173-300x205.jpg 300w, https:\/\/archive.sana.sy\/tr\/wp-content\/uploads\/2015\/11\/173.jpg 780w\" sizes=\"auto, (max-width: 150px) 100vw, 150px\" \/><\/a>\n\t\t\t<\/div><\/figure><figure class='gallery-item'>\n\t\t\t<div class='gallery-icon landscape'>\n\t\t\t\t<a href='https:\/\/archive.sana.sy\/tr\/wp-content\/uploads\/2015\/11\/238.jpg'><img loading=\"lazy\" decoding=\"async\" width=\"150\" height=\"99\" src=\"https:\/\/archive.sana.sy\/tr\/wp-content\/uploads\/2015\/11\/238-150x99.jpg\" class=\"attachment-thumbnail size-thumbnail\" alt=\"\" srcset=\"https:\/\/archive.sana.sy\/tr\/wp-content\/uploads\/2015\/11\/238-150x99.jpg 150w, https:\/\/archive.sana.sy\/tr\/wp-content\/uploads\/2015\/11\/238-300x198.jpg 300w, https:\/\/archive.sana.sy\/tr\/wp-content\/uploads\/2015\/11\/238.jpg 799w\" sizes=\"auto, (max-width: 150px) 100vw, 150px\" \/><\/a>\n\t\t\t<\/div><\/figure><figure class='gallery-item'>\n\t\t\t<div class='gallery-icon landscape'>\n\t\t\t\t<a href='https:\/\/archive.sana.sy\/tr\/wp-content\/uploads\/2015\/11\/324.jpg'><img loading=\"lazy\" decoding=\"async\" width=\"150\" height=\"100\" src=\"https:\/\/archive.sana.sy\/tr\/wp-content\/uploads\/2015\/11\/324-150x100.jpg\" class=\"attachment-thumbnail size-thumbnail\" alt=\"\" srcset=\"https:\/\/archive.sana.sy\/tr\/wp-content\/uploads\/2015\/11\/324-150x100.jpg 150w, https:\/\/archive.sana.sy\/tr\/wp-content\/uploads\/2015\/11\/324-300x201.jpg 300w, https:\/\/archive.sana.sy\/tr\/wp-content\/uploads\/2015\/11\/324.jpg 799w\" sizes=\"auto, (max-width: 150px) 100vw, 150px\" \/><\/a>\n\t\t\t<\/div><\/figure>\n\t\t<\/div>\n\n","protected":false},"excerpt":{"rendered":"<p>LAZK\u0130YE \u2013 Vatan Kalkan\u0131 \u0130nisiyatifi bug\u00fcn Lazkiye\u2019de; vatan ve halk\u0131n\u0131 savunmada en b\u00fcy\u00fck c\u00f6mertli\u011fi sergileyen \u015fehitlerimizin aileleri ve yaral\u0131lara onur etkinli\u011fi d\u00fczenledi. 500\u2019den fazla ailenin onurland\u0131r\u0131ld\u0131\u011f\u0131 etkinli\u011fe Dera \u0130linden 80\u2019den fazla dini, sosyal ve k\u00fclt\u00fcrel \u015fahsiyetlerden olu\u015fan bir halk heyeti kat\u0131ld\u0131. Lazkiye Valisi \u0130brahim H\u0131z\u0131r el Salim d\u00fcn ak\u015fam saatlerinde Esad k\u00fclt\u00fcr Merkezinde d\u00fczenlenen etkinlikte &hellip;<\/p>\n","protected":false},"author":1,"featured_media":52655,"comment_status":"closed","ping_status":"closed","sticky":false,"template":"","format":"standard","meta":{"footnotes":""},"categories":[526,479,525,538,478],"tags":[17749],"class_list":["post-52654","post","type-post","status-publish","format-standard","has-post-thumbnail","","category-haber-ve-raporlar","category-haberler-yerel","category-toplum","category-yasam","category-yerel","tag-deradan-halk-heyeti-lazkiyede-yarali-ve-sehit-aileleri-onurlandirdi"],"_links":{"self":[{"href":"https:\/\/archive.sana.sy\/tr\/index.php?rest_route=\/wp\/v2\/posts\/52654","targetHints":{"allow":["GET"]}}],"collection":[{"href":"https:\/\/archive.sana.sy\/tr\/index.php?rest_route=\/wp\/v2\/posts"}],"about":[{"href":"https:\/\/archive.sana.sy\/tr\/index.php?rest_route=\/wp\/v2\/types\/post"}],"author":[{"embeddable":true,"href":"https:\/\/archive.sana.sy\/tr\/index.php?rest_route=\/wp\/v2\/users\/1"}],"replies":[{"embeddable":true,"href":"https:\/\/archive.sana.sy\/tr\/index.php?rest_route=%2Fwp%2Fv2%2Fcomments&post=52654"}],"version-history":[{"count":0,"href":"https:\/\/archive.sana.sy\/tr\/index.php?rest_route=\/wp\/v2\/posts\/52654\/revisions"}],"wp:featuredmedia":[{"embeddable":true,"href":"https:\/\/archive.sana.sy\/tr\/index.php?rest_route=\/wp\/v2\/media\/52655"}],"wp:attachment":[{"href":"https:\/\/archive.sana.sy\/tr\/index.php?rest_route=%2Fwp%2Fv2%2Fmedia&parent=52654"}],"wp:term":[{"taxonomy":"category","embeddable":true,"href":"https:\/\/archive.sana.sy\/tr\/index.php?rest_route=%2Fwp%2Fv2%2Fcategories&post=52654"},{"taxonomy":"post_tag","embeddable":true,"href":"https:\/\/archive.sana.sy\/tr\/index.php?rest_route=%2Fwp%2Fv2%2Ftags&post=52654"}],"curies":[{"name":"wp","href":"https:\/\/api.w.org\/{rel}","templated":true}]}}