{"id":52661,"date":"2015-11-17T11:34:49","date_gmt":"2015-11-17T09:34:49","guid":{"rendered":"http:\/\/www.sana.sy\/tr\/?p=52661"},"modified":"2015-11-17T14:35:20","modified_gmt":"2015-11-17T12:35:20","slug":"batililar-terorle-mucadele-yerine-terorle-anlasti","status":"publish","type":"post","link":"https:\/\/archive.sana.sy\/tr\/?p=52661","title":{"rendered":"Bat\u0131l\u0131lar Ter\u00f6rle M\u00fccadele Yerine Ter\u00f6rle Anla\u015ft\u0131"},"content":{"rendered":"<p>MOSKOVA \u2013 Rusya Duma Meclisi Bat\u0131l\u0131lar\u0131n ter\u00f6ristleri \u2018\u0131l\u0131ml\u0131\u2019 ve \u2018radikal\u2019 olarak t\u00fcm d\u00fcnyan\u0131n g\u00fcvenli\u011fine ciddi bir tehlike te\u015fkil etti\u011fini belirtti.<\/p>\n<p>Duma Meclisinde Uluslararas\u0131 Komitesi ba\u015fkan\u0131n\u0131n birinci yard\u0131mc\u0131s\u0131 Svetlana Georova; Bat\u0131l\u0131 devletlerin ter\u00f6ristlere iltifat etmeleri ve onlar\u0131 \u2018iyi\u2019 ve \u2018k\u00f6t\u00fc\u2019 olarak nitelendirmelerinin mant\u0131kla hi\u00e7bir ilgisi olmay\u0131p d\u00fcnya g\u00fcvenli\u011fi ve istikrar\u0131na ciddi bir tehlike te\u015fkil etti\u011fini belirtti. Ayn\u0131 devletlerin ter\u00f6r\u00fc ho\u015flar\u0131na gitmeyen siyasi rejimleri d\u00fc\u015f\u00fcrmek i\u00e7in edat olarak kulland\u0131klar\u0131na dikkat \u00e7eken Georova; bunun ter\u00f6r\u00fcn yay\u0131lmas\u0131na ve t\u00fcm d\u00fcnya halklar\u0131n\u0131 tehdit etmesine yol a\u00e7t\u0131\u011f\u0131n\u0131 s\u00f6yledi.<\/p>\n<p>Georova Bat\u0131l\u0131 devletlerin ter\u00f6rle m\u00fccadele yerine Suriye&#8217;de halk\u0131 taraf\u0131ndan me\u015fru bir \u015fekilde se\u00e7ilen Cumhurba\u015fkan\u0131 Be\u015f\u015far el Esad\u2019\u0131 d\u00fc\u015f\u00fcrmek i\u00e7in ter\u00f6r\u00fc kullan\u0131p ter\u00f6r \u00f6rg\u00fctleriyle anla\u015fmaya ge\u00e7ti\u011finin alt\u0131n\u0131 \u00e7izdi.<\/p>\n","protected":false},"excerpt":{"rendered":"<p>MOSKOVA \u2013 Rusya Duma Meclisi Bat\u0131l\u0131lar\u0131n ter\u00f6ristleri \u2018\u0131l\u0131ml\u0131\u2019 ve \u2018radikal\u2019 olarak t\u00fcm d\u00fcnyan\u0131n g\u00fcvenli\u011fine ciddi bir tehlike te\u015fkil etti\u011fini belirtti. Duma Meclisinde Uluslararas\u0131 Komitesi ba\u015fkan\u0131n\u0131n birinci yard\u0131mc\u0131s\u0131 Svetlana Georova; Bat\u0131l\u0131 devletlerin ter\u00f6ristlere iltifat etmeleri ve onlar\u0131 \u2018iyi\u2019 ve \u2018k\u00f6t\u00fc\u2019 olarak nitelendirmelerinin mant\u0131kla hi\u00e7bir ilgisi olmay\u0131p d\u00fcnya g\u00fcvenli\u011fi ve istikrar\u0131na ciddi bir tehlike te\u015fkil etti\u011fini belirtti. &hellip;<\/p>\n","protected":false},"author":1,"featured_media":52666,"comment_status":"closed","ping_status":"closed","sticky":false,"template":"","format":"standard","meta":{"footnotes":""},"categories":[458,459,447],"tags":[17750],"class_list":["post-52661","post","type-post","status-publish","format-standard","has-post-thumbnail","","category-dunya1","category-haberler-arap-uluslararasi-politika","category-politika","tag-rusya-duma-meclisi"],"_links":{"self":[{"href":"https:\/\/archive.sana.sy\/tr\/index.php?rest_route=\/wp\/v2\/posts\/52661","targetHints":{"allow":["GET"]}}],"collection":[{"href":"https:\/\/archive.sana.sy\/tr\/index.php?rest_route=\/wp\/v2\/posts"}],"about":[{"href":"https:\/\/archive.sana.sy\/tr\/index.php?rest_route=\/wp\/v2\/types\/post"}],"author":[{"embeddable":true,"href":"https:\/\/archive.sana.sy\/tr\/index.php?rest_route=\/wp\/v2\/users\/1"}],"replies":[{"embeddable":true,"href":"https:\/\/archive.sana.sy\/tr\/index.php?rest_route=%2Fwp%2Fv2%2Fcomments&post=52661"}],"version-history":[{"count":0,"href":"https:\/\/archive.sana.sy\/tr\/index.php?rest_route=\/wp\/v2\/posts\/52661\/revisions"}],"wp:featuredmedia":[{"embeddable":true,"href":"https:\/\/archive.sana.sy\/tr\/index.php?rest_route=\/wp\/v2\/media\/52666"}],"wp:attachment":[{"href":"https:\/\/archive.sana.sy\/tr\/index.php?rest_route=%2Fwp%2Fv2%2Fmedia&parent=52661"}],"wp:term":[{"taxonomy":"category","embeddable":true,"href":"https:\/\/archive.sana.sy\/tr\/index.php?rest_route=%2Fwp%2Fv2%2Fcategories&post=52661"},{"taxonomy":"post_tag","embeddable":true,"href":"https:\/\/archive.sana.sy\/tr\/index.php?rest_route=%2Fwp%2Fv2%2Ftags&post=52661"}],"curies":[{"name":"wp","href":"https:\/\/api.w.org\/{rel}","templated":true}]}}