{"id":52668,"date":"2015-11-17T15:05:49","date_gmt":"2015-11-17T13:05:49","guid":{"rendered":"http:\/\/www.sana.sy\/tr\/?p=52668"},"modified":"2015-11-17T15:05:49","modified_gmt":"2015-11-17T13:05:49","slug":"bomba-duzenekleriyle-havaya-uctular","status":"publish","type":"post","link":"https:\/\/archive.sana.sy\/tr\/?p=52668","title":{"rendered":"Bomba D\u00fczenekleriyle Havaya U\u00e7tular"},"content":{"rendered":"<p>DERA \u2013 Dera k\u0131rsal\u0131nda yerel kaynaklar bug\u00fcn ter\u00f6ristlerin bomba d\u00fczenekleri imal ettikleri bir at\u00f6lyenin havaya u\u00e7mas\u0131 ve muhtelif adland\u0131rmalar alt\u0131ndaki \u00e7eteler aras\u0131ndaki \u00e7at\u0131\u015fmalarda onlarca ter\u00f6ristin \u00f6ld\u00fc\u011f\u00fcn\u00fc belirtti.<\/p>\n<p>Kaynaklar Tafas Beldesinde Suudi Arabistan taraf\u0131ndan finanse edilip y\u00f6nlendirilen \u2018M\u00fcsenna \u0130slami Hareketi\u2019ne tabi 14\u2019ten fazla tekfirci ter\u00f6ristin haz\u0131rlamaya \u00e7al\u0131\u015ft\u0131klar\u0131 bomba d\u00fczeneklerinin ellerinde patlamas\u0131yla \u00f6ld\u00fcklerini belirtti.<\/p>\n<p>Dera k\u0131rsal\u0131n\u0131n bat\u0131s\u0131 el Allan B\u00f6lgesinde Kaide \u00d6rg\u00fct\u00fcn\u00fcn Suriye kolu Nusra Cephesi ile \u2018Yerm\u00fck \u015eehitleri T\u00fcmeni\u2019 ad\u0131yla bilinen ter\u00f6r \u00e7eteleri aras\u0131nda yeniden \u00e7at\u0131\u015fmalar\u0131n oldu\u011funu belirten kaynaklar; \u00e7at\u0131\u015fmalarda iki taraftan aralar\u0131nda tehlikeli isimlerin bulundu\u011fu onlarca tekfircinin \u00f6ld\u00fc\u011f\u00fcn\u00fc aktard\u0131.<\/p>\n<p>Bu arada Nusra Cephesi iki g\u00fcn \u00f6nce \u2018Yerm\u00fck \u015eehitleri T\u00fcmeni\u2019nin s\u00f6zde askeri lideri \u2018Ebu Ali el Beridi\u2019yi tasfiye etti\u011fini a\u00e7\u0131klarken, medya raporlar\u0131na g\u00f6re s\u00f6z konusu ter\u00f6r olu\u015fumu da son bir ay i\u00e7inde Nusra Cephesinden en az 50 saha komutan\u0131n\u0131 tasfiye etti\u011fini ifade etti.<\/p>\n","protected":false},"excerpt":{"rendered":"<p>DERA \u2013 Dera k\u0131rsal\u0131nda yerel kaynaklar bug\u00fcn ter\u00f6ristlerin bomba d\u00fczenekleri imal ettikleri bir at\u00f6lyenin havaya u\u00e7mas\u0131 ve muhtelif adland\u0131rmalar alt\u0131ndaki \u00e7eteler aras\u0131ndaki \u00e7at\u0131\u015fmalarda onlarca ter\u00f6ristin \u00f6ld\u00fc\u011f\u00fcn\u00fc belirtti. Kaynaklar Tafas Beldesinde Suudi Arabistan taraf\u0131ndan finanse edilip y\u00f6nlendirilen \u2018M\u00fcsenna \u0130slami Hareketi\u2019ne tabi 14\u2019ten fazla tekfirci ter\u00f6ristin haz\u0131rlamaya \u00e7al\u0131\u015ft\u0131klar\u0131 bomba d\u00fczeneklerinin ellerinde patlamas\u0131yla \u00f6ld\u00fcklerini belirtti. Dera k\u0131rsal\u0131n\u0131n bat\u0131s\u0131 &hellip;<\/p>\n","protected":false},"author":1,"featured_media":52678,"comment_status":"closed","ping_status":"closed","sticky":false,"template":"","format":"standard","meta":{"footnotes":""},"categories":[479,575,478],"tags":[17751],"class_list":["post-52668","post","type-post","status-publish","format-standard","has-post-thumbnail","","category-haberler-yerel","category-olaylar-ve-gercekler","category-yerel","tag-bomba-duzenekleriyle-havaya-uctular"],"_links":{"self":[{"href":"https:\/\/archive.sana.sy\/tr\/index.php?rest_route=\/wp\/v2\/posts\/52668","targetHints":{"allow":["GET"]}}],"collection":[{"href":"https:\/\/archive.sana.sy\/tr\/index.php?rest_route=\/wp\/v2\/posts"}],"about":[{"href":"https:\/\/archive.sana.sy\/tr\/index.php?rest_route=\/wp\/v2\/types\/post"}],"author":[{"embeddable":true,"href":"https:\/\/archive.sana.sy\/tr\/index.php?rest_route=\/wp\/v2\/users\/1"}],"replies":[{"embeddable":true,"href":"https:\/\/archive.sana.sy\/tr\/index.php?rest_route=%2Fwp%2Fv2%2Fcomments&post=52668"}],"version-history":[{"count":0,"href":"https:\/\/archive.sana.sy\/tr\/index.php?rest_route=\/wp\/v2\/posts\/52668\/revisions"}],"wp:featuredmedia":[{"embeddable":true,"href":"https:\/\/archive.sana.sy\/tr\/index.php?rest_route=\/wp\/v2\/media\/52678"}],"wp:attachment":[{"href":"https:\/\/archive.sana.sy\/tr\/index.php?rest_route=%2Fwp%2Fv2%2Fmedia&parent=52668"}],"wp:term":[{"taxonomy":"category","embeddable":true,"href":"https:\/\/archive.sana.sy\/tr\/index.php?rest_route=%2Fwp%2Fv2%2Fcategories&post=52668"},{"taxonomy":"post_tag","embeddable":true,"href":"https:\/\/archive.sana.sy\/tr\/index.php?rest_route=%2Fwp%2Fv2%2Ftags&post=52668"}],"curies":[{"name":"wp","href":"https:\/\/api.w.org\/{rel}","templated":true}]}}