{"id":52680,"date":"2015-11-17T15:35:24","date_gmt":"2015-11-17T13:35:24","guid":{"rendered":"http:\/\/www.sana.sy\/tr\/?p=52680"},"modified":"2015-11-17T15:35:24","modified_gmt":"2015-11-17T13:35:24","slug":"kriz-temel-oncelikleri-degistirdi","status":"publish","type":"post","link":"https:\/\/archive.sana.sy\/tr\/?p=52680","title":{"rendered":"Kriz Temel \u00d6ncelikleri De\u011fi\u015ftirdi"},"content":{"rendered":"<p>\u015eAM \u2013 Suriye Yat\u0131r\u0131m Kurumu M\u00fcd\u00fcr\u00fc Hale Gazel bug\u00fcn \u0130sve\u00e7\u2019te Suriye&#8217;yi Savunma Heyeti ba\u015fkan\u0131 George Makdisi \u0130lyas ve ona e\u015flik eden heyet ile Suriye&#8217;nin bu s\u00fcre\u00e7 i\u00e7inde ve yeniden yap\u0131lanma s\u00fcrecinde ihtiya\u00e7 duyabilece\u011fi projelere ili\u015fkin d\u00fc\u015f\u00fcnce ve \u00f6nerileri masaya yat\u0131rd\u0131.<\/p>\n<p><a href=\"http:\/\/www.sana.sy\/tr\/wp-content\/uploads\/2015\/11\/240.jpg\"><img loading=\"lazy\" decoding=\"async\" class=\"alignright wp-image-52682 size-medium\" src=\"http:\/\/www.sana.sy\/tr\/wp-content\/uploads\/2015\/11\/240-300x180.jpg\" alt=\"2\" width=\"300\" height=\"180\" srcset=\"https:\/\/archive.sana.sy\/tr\/wp-content\/uploads\/2015\/11\/240-300x180.jpg 300w, https:\/\/archive.sana.sy\/tr\/wp-content\/uploads\/2015\/11\/240-150x90.jpg 150w, https:\/\/archive.sana.sy\/tr\/wp-content\/uploads\/2015\/11\/240-1024x614.jpg 1024w\" sizes=\"auto, (max-width: 300px) 100vw, 300px\" \/><\/a>G\u00f6r\u00fc\u015fmede Gazel Suriye&#8217;nin tan\u0131k odlu\u011fu krizin yat\u0131r\u0131m \u00f6nceliklerini de\u011fi\u015ftirdi\u011fine dikkat \u00e7ekerken vatanda\u015flar\u0131n g\u0131da ve t\u00fcketim ihtiya\u00e7lar\u0131n\u0131n kar\u015f\u0131lanmas\u0131 i\u00e7in bu y\u00f6ndeki projelerin \u00f6nceli\u011fini ifade etti. Suriye&#8217;de mevcut s\u00fcre\u00e7 i\u00e7indeki yat\u0131r\u0131m haritas\u0131 hakk\u0131nda konuk heyete bilgi sunan Gazel; bu projelerin ham medenin teminine g\u00f6re muhtelif b\u00f6lgelere da\u011f\u0131ld\u0131\u011f\u0131n\u0131 s\u00f6yledi.<\/p>\n<p>Konuk heyet ise Suriye&#8217;de yeniden yap\u0131land\u0131rma projelerinde her \u015feyden \u00f6nce altyap\u0131 onar\u0131m ve temel \u00fcretim projelerinin hayata ge\u00e7irilmesi gere\u011fine i\u015faret etti. Heyet \u00fcyeleri s\u00fcrece katk\u0131 sa\u011flayabilecek proje ve d\u00fc\u015f\u00fcnceleri hakk\u0131nda bilgi verdi.<\/p>\n","protected":false},"excerpt":{"rendered":"<p>\u015eAM \u2013 Suriye Yat\u0131r\u0131m Kurumu M\u00fcd\u00fcr\u00fc Hale Gazel bug\u00fcn \u0130sve\u00e7\u2019te Suriye&#8217;yi Savunma Heyeti ba\u015fkan\u0131 George Makdisi \u0130lyas ve ona e\u015flik eden heyet ile Suriye&#8217;nin bu s\u00fcre\u00e7 i\u00e7inde ve yeniden yap\u0131lanma s\u00fcrecinde ihtiya\u00e7 duyabilece\u011fi projelere ili\u015fkin d\u00fc\u015f\u00fcnce ve \u00f6nerileri masaya yat\u0131rd\u0131. G\u00f6r\u00fc\u015fmede Gazel Suriye&#8217;nin tan\u0131k odlu\u011fu krizin yat\u0131r\u0131m \u00f6nceliklerini de\u011fi\u015ftirdi\u011fine dikkat \u00e7ekerken vatanda\u015flar\u0131n g\u0131da ve t\u00fcketim &hellip;<\/p>\n","protected":false},"author":1,"featured_media":52681,"comment_status":"closed","ping_status":"closed","sticky":false,"template":"","format":"standard","meta":{"footnotes":""},"categories":[485,479,486,478],"tags":[17752],"class_list":["post-52680","post","type-post","status-publish","format-standard","has-post-thumbnail","","category-is-ve-sermaye","category-haberler-yerel","category-haberler-is-ve-sermaye","category-yerel","tag-kriz-temel-oncelikleri-degistirdi"],"_links":{"self":[{"href":"https:\/\/archive.sana.sy\/tr\/index.php?rest_route=\/wp\/v2\/posts\/52680","targetHints":{"allow":["GET"]}}],"collection":[{"href":"https:\/\/archive.sana.sy\/tr\/index.php?rest_route=\/wp\/v2\/posts"}],"about":[{"href":"https:\/\/archive.sana.sy\/tr\/index.php?rest_route=\/wp\/v2\/types\/post"}],"author":[{"embeddable":true,"href":"https:\/\/archive.sana.sy\/tr\/index.php?rest_route=\/wp\/v2\/users\/1"}],"replies":[{"embeddable":true,"href":"https:\/\/archive.sana.sy\/tr\/index.php?rest_route=%2Fwp%2Fv2%2Fcomments&post=52680"}],"version-history":[{"count":0,"href":"https:\/\/archive.sana.sy\/tr\/index.php?rest_route=\/wp\/v2\/posts\/52680\/revisions"}],"wp:featuredmedia":[{"embeddable":true,"href":"https:\/\/archive.sana.sy\/tr\/index.php?rest_route=\/wp\/v2\/media\/52681"}],"wp:attachment":[{"href":"https:\/\/archive.sana.sy\/tr\/index.php?rest_route=%2Fwp%2Fv2%2Fmedia&parent=52680"}],"wp:term":[{"taxonomy":"category","embeddable":true,"href":"https:\/\/archive.sana.sy\/tr\/index.php?rest_route=%2Fwp%2Fv2%2Fcategories&post=52680"},{"taxonomy":"post_tag","embeddable":true,"href":"https:\/\/archive.sana.sy\/tr\/index.php?rest_route=%2Fwp%2Fv2%2Ftags&post=52680"}],"curies":[{"name":"wp","href":"https:\/\/api.w.org\/{rel}","templated":true}]}}