{"id":52687,"date":"2015-11-17T19:11:17","date_gmt":"2015-11-17T17:11:17","guid":{"rendered":"http:\/\/www.sana.sy\/tr\/?p=52687"},"modified":"2015-11-17T19:11:17","modified_gmt":"2015-11-17T17:11:17","slug":"halepte-iki-teror-elebasinin-olduruldugunu-ikrar-ettiler","status":"publish","type":"post","link":"https:\/\/archive.sana.sy\/tr\/?p=52687","title":{"rendered":"Halep\u2019te \u0130ki Ter\u00f6r Eleba\u015f\u0131n\u0131n \u00d6ld\u00fcr\u00fcld\u00fc\u011f\u00fcn\u00fc \u0130krar Ettiler"},"content":{"rendered":"<p>HALEP \u2013 Halep\u2019te ihvanc\u0131 Erdo\u011fan rejimine ba\u011fl\u0131 radikal ter\u00f6r \u00e7eteleri medya ara\u00e7lar\u0131nda aralar\u0131nda iki bariz eleba\u015f\u0131n\u0131n bulundu\u011fu 15 ter\u00f6ristin \u00f6ld\u00fcr\u00fcld\u00fc\u011f\u00fcn\u00fc itiraf etti.<\/p>\n<p>\u00d6len ter\u00f6ristler aras\u0131nda \u2018Nurettin el Zenki Hareketi\u2019nin s\u00f6zde askeri komutan\u0131 Hasan Muayke\u2019nin yan\u0131 s\u0131ra \u2018\u0130slami \u00d6zg\u00fcrl\u00fck T\u00fcmeni\u2019 ad\u0131yla bilenen tekfirci \u00e7etelerin askeri bir komutan\u0131 Ahmet Muhittin Amro\u2019nun bulundu\u011funa dikkat \u00e7ekildi.<\/p>\n<p>M.M.<\/p>\n","protected":false},"excerpt":{"rendered":"<p>HALEP \u2013 Halep\u2019te ihvanc\u0131 Erdo\u011fan rejimine ba\u011fl\u0131 radikal ter\u00f6r \u00e7eteleri medya ara\u00e7lar\u0131nda aralar\u0131nda iki bariz eleba\u015f\u0131n\u0131n bulundu\u011fu 15 ter\u00f6ristin \u00f6ld\u00fcr\u00fcld\u00fc\u011f\u00fcn\u00fc itiraf etti. \u00d6len ter\u00f6ristler aras\u0131nda \u2018Nurettin el Zenki Hareketi\u2019nin s\u00f6zde askeri komutan\u0131 Hasan Muayke\u2019nin yan\u0131 s\u0131ra \u2018\u0130slami \u00d6zg\u00fcrl\u00fck T\u00fcmeni\u2019 ad\u0131yla bilenen tekfirci \u00e7etelerin askeri bir komutan\u0131 Ahmet Muhittin Amro\u2019nun bulundu\u011funa dikkat \u00e7ekildi. M.M.<\/p>\n","protected":false},"author":1,"featured_media":52688,"comment_status":"closed","ping_status":"closed","sticky":false,"template":"","format":"standard","meta":{"footnotes":""},"categories":[575],"tags":[17753],"class_list":["post-52687","post","type-post","status-publish","format-standard","has-post-thumbnail","","category-olaylar-ve-gercekler","tag-halepte-iki-teror-elebasinin-olduruldugunu-ikrar-ettiler"],"_links":{"self":[{"href":"https:\/\/archive.sana.sy\/tr\/index.php?rest_route=\/wp\/v2\/posts\/52687","targetHints":{"allow":["GET"]}}],"collection":[{"href":"https:\/\/archive.sana.sy\/tr\/index.php?rest_route=\/wp\/v2\/posts"}],"about":[{"href":"https:\/\/archive.sana.sy\/tr\/index.php?rest_route=\/wp\/v2\/types\/post"}],"author":[{"embeddable":true,"href":"https:\/\/archive.sana.sy\/tr\/index.php?rest_route=\/wp\/v2\/users\/1"}],"replies":[{"embeddable":true,"href":"https:\/\/archive.sana.sy\/tr\/index.php?rest_route=%2Fwp%2Fv2%2Fcomments&post=52687"}],"version-history":[{"count":0,"href":"https:\/\/archive.sana.sy\/tr\/index.php?rest_route=\/wp\/v2\/posts\/52687\/revisions"}],"wp:featuredmedia":[{"embeddable":true,"href":"https:\/\/archive.sana.sy\/tr\/index.php?rest_route=\/wp\/v2\/media\/52688"}],"wp:attachment":[{"href":"https:\/\/archive.sana.sy\/tr\/index.php?rest_route=%2Fwp%2Fv2%2Fmedia&parent=52687"}],"wp:term":[{"taxonomy":"category","embeddable":true,"href":"https:\/\/archive.sana.sy\/tr\/index.php?rest_route=%2Fwp%2Fv2%2Fcategories&post=52687"},{"taxonomy":"post_tag","embeddable":true,"href":"https:\/\/archive.sana.sy\/tr\/index.php?rest_route=%2Fwp%2Fv2%2Ftags&post=52687"}],"curies":[{"name":"wp","href":"https:\/\/api.w.org\/{rel}","templated":true}]}}