{"id":5269,"date":"2014-07-15T13:40:56","date_gmt":"2014-07-15T10:40:56","guid":{"rendered":"\/tr\/?p=5269"},"modified":"2014-07-15T13:40:56","modified_gmt":"2014-07-15T10:40:56","slug":"onemli-olan-suriyenin-egemenligi-ve-toprak-butunlugunu-belirtmesidir","status":"publish","type":"post","link":"https:\/\/archive.sana.sy\/tr\/?p=5269","title":{"rendered":"\u00d6nemli Olan Suriye\u2019nin Egemenli\u011fi ve Toprak B\u00fct\u00fcnl\u00fc\u011f\u00fcn\u00fc Belirtmesidir"},"content":{"rendered":"<p>MOSKOVA \u2013 Rusya D\u0131\u015fi\u015fleri Bakanl\u0131\u011f\u0131 Federal Rusya\u2019n\u0131n d\u00fcn Suriye\u2019deki insani durumlarla ilgili al\u0131nan 2165 nolu uluslararas\u0131 g\u00fcvenlik konseyi karar\u0131n\u0131 onaylad\u0131\u011f\u0131n\u0131 belirterek, bu karar\u0131n uygulanmas\u0131 esnas\u0131nda Suriye\u2019nin egemenli\u011fi, istiklali ve toprak b\u00fct\u00fcnl\u00fc\u011f\u00fcn\u00fcn korunmas\u0131n\u0131n belirlenmesinin \u00f6nemini vurgulad\u0131.<\/p>\n<p>Rusya D\u0131\u015fi\u015fleri Bakanl\u0131\u011f\u0131 yay\u0131nlad\u0131\u011f\u0131 beyanda, kararda temel meselelerin belgelendi\u011fini s\u00f6yledi.<\/p>\n<p>Bakanl\u0131k, bu hedefin sa\u011flanmas\u0131 i\u00e7in Suriye\u2019nin kom\u015fular\u0131 \u00dcrd\u00fcn, L\u00fcbnan ve T\u00fcrkiye\u2019de Birle\u015fmi\u015f Milletlere ba\u011fl\u0131 bir denetim komisyonunun konu\u015fland\u0131r\u0131laca\u011f\u0131n\u0131, temel g\u00f6revinin Suriye\u2019ye g\u00f6nderilen T\u0131r ara\u00e7lar\u0131n\u0131n insani a\u00e7\u0131dan kontrol edilmesine aktif bir \u015fekilde garantilemek oldu\u011funu s\u00f6yledi.<\/p>\n<p>Bakanl\u0131k, karar\u0131n Suriye\u2019de s\u00f6zde Irak ve \u015eam Devleti, Nusra Cephesi ve \u0130slami Cephe ter\u00f6r \u00f6rg\u00fctlerinin \u00fclkede masum sivil insanlara kar\u015f\u0131 i\u015fledi\u011fi en \u00e7irkef katliamlara y\u00f6nelik endi\u015fesini dile getirdi.<\/p>\n<p>Suriye\u2019de yap\u0131lan ulusal uzla\u015fma eylemlerinin b\u00fcy\u00fck \u00f6nemine dikkat \u00e7eken Bakanl\u0131k, Suriye Arap Cumhuriyeti\u2019nin insani yard\u0131mlar\u0131n b\u00fct\u00fcn herkese varmas\u0131n\u0131 kolayla\u015ft\u0131rmadaki tutumunu hat\u0131rlatan Rusya D\u0131\u015fi\u015fleri Bakanl\u0131\u011f\u0131, bu tutumun BM\u2019de karar\u0131n al\u0131nmas\u0131nda b\u00fcy\u00fck yard\u0131mda bulundu\u011funu ifade etti.<\/p>\n","protected":false},"excerpt":{"rendered":"<p>MOSKOVA \u2013 Rusya D\u0131\u015fi\u015fleri Bakanl\u0131\u011f\u0131 Federal Rusya\u2019n\u0131n d\u00fcn Suriye\u2019deki insani durumlarla ilgili al\u0131nan 2165 nolu uluslararas\u0131 g\u00fcvenlik konseyi karar\u0131n\u0131 onaylad\u0131\u011f\u0131n\u0131 belirterek, bu karar\u0131n uygulanmas\u0131 esnas\u0131nda Suriye\u2019nin egemenli\u011fi, istiklali ve toprak b\u00fct\u00fcnl\u00fc\u011f\u00fcn\u00fcn korunmas\u0131n\u0131n belirlenmesinin \u00f6nemini vurgulad\u0131. Rusya D\u0131\u015fi\u015fleri Bakanl\u0131\u011f\u0131 yay\u0131nlad\u0131\u011f\u0131 beyanda, kararda temel meselelerin belgelendi\u011fini s\u00f6yledi. Bakanl\u0131k, bu hedefin sa\u011flanmas\u0131 i\u00e7in Suriye\u2019nin kom\u015fular\u0131 \u00dcrd\u00fcn, L\u00fcbnan ve &hellip;<\/p>\n","protected":false},"author":1,"featured_media":5242,"comment_status":"closed","ping_status":"closed","sticky":false,"template":"","format":"standard","meta":{"footnotes":""},"categories":[458,447,584],"tags":[1149],"class_list":["post-5269","post","type-post","status-publish","format-standard","has-post-thumbnail","","category-dunya1","category-politika","category-yurtdisinda-sana-ofisleri","tag-onemli-olan-suriyenin-egemenligi-ve-toprak-butunlugunu-belirtmesidir"],"_links":{"self":[{"href":"https:\/\/archive.sana.sy\/tr\/index.php?rest_route=\/wp\/v2\/posts\/5269","targetHints":{"allow":["GET"]}}],"collection":[{"href":"https:\/\/archive.sana.sy\/tr\/index.php?rest_route=\/wp\/v2\/posts"}],"about":[{"href":"https:\/\/archive.sana.sy\/tr\/index.php?rest_route=\/wp\/v2\/types\/post"}],"author":[{"embeddable":true,"href":"https:\/\/archive.sana.sy\/tr\/index.php?rest_route=\/wp\/v2\/users\/1"}],"replies":[{"embeddable":true,"href":"https:\/\/archive.sana.sy\/tr\/index.php?rest_route=%2Fwp%2Fv2%2Fcomments&post=5269"}],"version-history":[{"count":0,"href":"https:\/\/archive.sana.sy\/tr\/index.php?rest_route=\/wp\/v2\/posts\/5269\/revisions"}],"wp:featuredmedia":[{"embeddable":true,"href":"https:\/\/archive.sana.sy\/tr\/index.php?rest_route=\/wp\/v2\/media\/5242"}],"wp:attachment":[{"href":"https:\/\/archive.sana.sy\/tr\/index.php?rest_route=%2Fwp%2Fv2%2Fmedia&parent=5269"}],"wp:term":[{"taxonomy":"category","embeddable":true,"href":"https:\/\/archive.sana.sy\/tr\/index.php?rest_route=%2Fwp%2Fv2%2Fcategories&post=5269"},{"taxonomy":"post_tag","embeddable":true,"href":"https:\/\/archive.sana.sy\/tr\/index.php?rest_route=%2Fwp%2Fv2%2Ftags&post=5269"}],"curies":[{"name":"wp","href":"https:\/\/api.w.org\/{rel}","templated":true}]}}