{"id":5272,"date":"2014-07-15T14:27:52","date_gmt":"2014-07-15T11:27:52","guid":{"rendered":"\/tr\/?p=5272"},"modified":"2014-07-15T14:27:52","modified_gmt":"2014-07-15T11:27:52","slug":"tekrit-teror-cetelerinden-temizlendi","status":"publish","type":"post","link":"https:\/\/archive.sana.sy\/tr\/?p=5272","title":{"rendered":"Tekrit Ter\u00f6r \u00c7etelerinden Temizlendi"},"content":{"rendered":"<p>BA\u011eDAT \u2013 Irak uydu televizyon kanal\u0131 bug\u00fcn Irak ordusunun Tekrit Kentinin tamam\u0131n\u0131 Kaide \u00d6rg\u00fct\u00fcne ba\u011fl\u0131 \u2018Irak ve \u015eam \u0130slami Devleti\u2019 adl\u0131 tekfirci ter\u00f6r olu\u015fumundan temizleyerek kontrol\u00fcne ge\u00e7irdi\u011fini ilan etti.<\/p>\n<p>Televizyona a\u00e7\u0131klama yapan Irakl\u0131 resmi bir kaynak; ordu birliklerinin sabah\u0131n erken saatlerinde kentte \u00f6zel bir operasyon ba\u015flatmalar\u0131 ard\u0131ndan tekfirci ter\u00f6ristlerin b\u00f6lgeden ka\u00e7\u0131\u015fmaya ba\u015flad\u0131klar\u0131n\u0131 belirtti.<\/p>\n","protected":false},"excerpt":{"rendered":"<p>BA\u011eDAT \u2013 Irak uydu televizyon kanal\u0131 bug\u00fcn Irak ordusunun Tekrit Kentinin tamam\u0131n\u0131 Kaide \u00d6rg\u00fct\u00fcne ba\u011fl\u0131 \u2018Irak ve \u015eam \u0130slami Devleti\u2019 adl\u0131 tekfirci ter\u00f6r olu\u015fumundan temizleyerek kontrol\u00fcne ge\u00e7irdi\u011fini ilan etti. Televizyona a\u00e7\u0131klama yapan Irakl\u0131 resmi bir kaynak; ordu birliklerinin sabah\u0131n erken saatlerinde kentte \u00f6zel bir operasyon ba\u015flatmalar\u0131 ard\u0131ndan tekfirci ter\u00f6ristlerin b\u00f6lgeden ka\u00e7\u0131\u015fmaya ba\u015flad\u0131klar\u0131n\u0131 belirtti.<\/p>\n","protected":false},"author":1,"featured_media":5273,"comment_status":"closed","ping_status":"closed","sticky":false,"template":"","format":"standard","meta":{"footnotes":""},"categories":[458,459,447,584],"tags":[1150],"class_list":["post-5272","post","type-post","status-publish","format-standard","has-post-thumbnail","","category-dunya1","category-haberler-arap-uluslararasi-politika","category-politika","category-yurtdisinda-sana-ofisleri","tag-tekrit-teror-cetelerinden-temizlendi"],"_links":{"self":[{"href":"https:\/\/archive.sana.sy\/tr\/index.php?rest_route=\/wp\/v2\/posts\/5272","targetHints":{"allow":["GET"]}}],"collection":[{"href":"https:\/\/archive.sana.sy\/tr\/index.php?rest_route=\/wp\/v2\/posts"}],"about":[{"href":"https:\/\/archive.sana.sy\/tr\/index.php?rest_route=\/wp\/v2\/types\/post"}],"author":[{"embeddable":true,"href":"https:\/\/archive.sana.sy\/tr\/index.php?rest_route=\/wp\/v2\/users\/1"}],"replies":[{"embeddable":true,"href":"https:\/\/archive.sana.sy\/tr\/index.php?rest_route=%2Fwp%2Fv2%2Fcomments&post=5272"}],"version-history":[{"count":0,"href":"https:\/\/archive.sana.sy\/tr\/index.php?rest_route=\/wp\/v2\/posts\/5272\/revisions"}],"wp:featuredmedia":[{"embeddable":true,"href":"https:\/\/archive.sana.sy\/tr\/index.php?rest_route=\/wp\/v2\/media\/5273"}],"wp:attachment":[{"href":"https:\/\/archive.sana.sy\/tr\/index.php?rest_route=%2Fwp%2Fv2%2Fmedia&parent=5272"}],"wp:term":[{"taxonomy":"category","embeddable":true,"href":"https:\/\/archive.sana.sy\/tr\/index.php?rest_route=%2Fwp%2Fv2%2Fcategories&post=5272"},{"taxonomy":"post_tag","embeddable":true,"href":"https:\/\/archive.sana.sy\/tr\/index.php?rest_route=%2Fwp%2Fv2%2Ftags&post=5272"}],"curies":[{"name":"wp","href":"https:\/\/api.w.org\/{rel}","templated":true}]}}