{"id":52738,"date":"2015-11-18T10:25:21","date_gmt":"2015-11-18T08:25:21","guid":{"rendered":"http:\/\/www.sana.sy\/tr\/?p=52738"},"modified":"2015-11-18T13:55:55","modified_gmt":"2015-11-18T11:55:55","slug":"bakanlik-isid-nusra-cephesi-ve-kaide-kokenli-daha-baska-teror-orgutlerin-baska-devletlere-uzanmalarinin-nedeninin-abd-ve-batili-devletlerin-yaninda-turkiyedeki-rejim-basta-olmak-uzere-bolgedeki-tas","status":"publish","type":"post","link":"https:\/\/archive.sana.sy\/tr\/?p=52738","title":{"rendered":"Bakanl\u0131k I\u015e\u0130D, Nusra Cephesi ve Kaide k\u00f6kenli daha ba\u015fka ter\u00f6r \u00f6rg\u00fctlerin ba\u015fka devletlere uzanmalar\u0131n\u0131n nedeninin ABD ve Bat\u0131l\u0131 devletlerin yan\u0131nda T\u00fcrkiye&#8217;deki rejim ba\u015fta olmak \u00fczere b\u00f6lgedeki ta\u015feronlar\u0131n\u0131n yanl\u0131\u015f tutum ve politikalar\u0131 sonucunda geldi\u011fine dikkat \u00e7ekti."},"content":{"rendered":"<p>Bakanl\u0131k I\u015e\u0130D, Nusra Cephesi ve Kaide k\u00f6kenli daha ba\u015fka ter\u00f6r \u00f6rg\u00fctlerin ba\u015fka devletlere uzanmalar\u0131n\u0131n nedeninin ABD ve Bat\u0131l\u0131 devletlerin yan\u0131nda T\u00fcrkiye&#8217;deki rejim ba\u015fta olmak \u00fczere b\u00f6lgedeki ta\u015feronlar\u0131n\u0131n yanl\u0131\u015f tutum ve politikalar\u0131 sonucunda geldi\u011fine dikkat \u00e7ekti.<\/p>\n","protected":false},"excerpt":{"rendered":"<p>Bakanl\u0131k I\u015e\u0130D, Nusra Cephesi ve Kaide k\u00f6kenli daha ba\u015fka ter\u00f6r \u00f6rg\u00fctlerin ba\u015fka devletlere uzanmalar\u0131n\u0131n nedeninin ABD ve Bat\u0131l\u0131 devletlerin yan\u0131nda T\u00fcrkiye&#8217;deki rejim ba\u015fta olmak \u00fczere b\u00f6lgedeki ta\u015feronlar\u0131n\u0131n yanl\u0131\u015f tutum ve politikalar\u0131 sonucunda geldi\u011fine dikkat \u00e7ekti.<\/p>\n","protected":false},"author":1,"featured_media":0,"comment_status":"closed","ping_status":"closed","sticky":false,"template":"","format":"standard","meta":{"footnotes":""},"categories":[1],"tags":[],"class_list":["post-52738","post","type-post","status-publish","format-standard","","category-news-not-sorted"],"_links":{"self":[{"href":"https:\/\/archive.sana.sy\/tr\/index.php?rest_route=\/wp\/v2\/posts\/52738","targetHints":{"allow":["GET"]}}],"collection":[{"href":"https:\/\/archive.sana.sy\/tr\/index.php?rest_route=\/wp\/v2\/posts"}],"about":[{"href":"https:\/\/archive.sana.sy\/tr\/index.php?rest_route=\/wp\/v2\/types\/post"}],"author":[{"embeddable":true,"href":"https:\/\/archive.sana.sy\/tr\/index.php?rest_route=\/wp\/v2\/users\/1"}],"replies":[{"embeddable":true,"href":"https:\/\/archive.sana.sy\/tr\/index.php?rest_route=%2Fwp%2Fv2%2Fcomments&post=52738"}],"version-history":[{"count":0,"href":"https:\/\/archive.sana.sy\/tr\/index.php?rest_route=\/wp\/v2\/posts\/52738\/revisions"}],"wp:attachment":[{"href":"https:\/\/archive.sana.sy\/tr\/index.php?rest_route=%2Fwp%2Fv2%2Fmedia&parent=52738"}],"wp:term":[{"taxonomy":"category","embeddable":true,"href":"https:\/\/archive.sana.sy\/tr\/index.php?rest_route=%2Fwp%2Fv2%2Fcategories&post=52738"},{"taxonomy":"post_tag","embeddable":true,"href":"https:\/\/archive.sana.sy\/tr\/index.php?rest_route=%2Fwp%2Fv2%2Ftags&post=52738"}],"curies":[{"name":"wp","href":"https:\/\/api.w.org\/{rel}","templated":true}]}}