{"id":52740,"date":"2015-11-18T10:55:44","date_gmt":"2015-11-18T08:55:44","guid":{"rendered":"http:\/\/www.sana.sy\/tr\/?p=52740"},"modified":"2015-11-18T13:57:36","modified_gmt":"2015-11-18T11:57:36","slug":"sanaya-konusan-askeri-kaynak-ordu-birliklerimizin-dera-beledte-israil-ve-urdunden-destek-alan-teror-orgutlerin-azili-elebaslarinin-toplandiklari-bir-karargahi-muhtevalariyla","status":"publish","type":"post","link":"https:\/\/archive.sana.sy\/tr\/?p=52740","title":{"rendered":"SANA\u2019ya konu\u015fan askeri kaynak ordu birliklerimizin Dera Beled\u2019te \u0130srail ve \u00dcrd\u00fcn\u2019den destek alan ter\u00f6r \u00f6rg\u00fctlerin az\u0131l\u0131 eleba\u015flar\u0131n\u0131n topland\u0131klar\u0131 bir karargah\u0131 muhtevalar\u0131yla imha ettiklerini belirtti."},"content":{"rendered":"<p>SANA\u2019ya konu\u015fan askeri kaynak ordu birliklerimizin Dera Beled\u2019te \u0130srail ve \u00dcrd\u00fcn\u2019den destek alan ter\u00f6r \u00f6rg\u00fctlerin az\u0131l\u0131 eleba\u015flar\u0131n\u0131n topland\u0131klar\u0131 bir karargah\u0131 muhtevalar\u0131yla imha ettiklerini belirtti.<\/p>\n","protected":false},"excerpt":{"rendered":"<p>SANA\u2019ya konu\u015fan askeri kaynak ordu birliklerimizin Dera Beled\u2019te \u0130srail ve \u00dcrd\u00fcn\u2019den destek alan ter\u00f6r \u00f6rg\u00fctlerin az\u0131l\u0131 eleba\u015flar\u0131n\u0131n topland\u0131klar\u0131 bir karargah\u0131 muhtevalar\u0131yla imha ettiklerini belirtti.<\/p>\n","protected":false},"author":1,"featured_media":0,"comment_status":"closed","ping_status":"closed","sticky":false,"template":"","format":"standard","meta":{"footnotes":""},"categories":[1],"tags":[],"class_list":["post-52740","post","type-post","status-publish","format-standard","","category-news-not-sorted"],"_links":{"self":[{"href":"https:\/\/archive.sana.sy\/tr\/index.php?rest_route=\/wp\/v2\/posts\/52740","targetHints":{"allow":["GET"]}}],"collection":[{"href":"https:\/\/archive.sana.sy\/tr\/index.php?rest_route=\/wp\/v2\/posts"}],"about":[{"href":"https:\/\/archive.sana.sy\/tr\/index.php?rest_route=\/wp\/v2\/types\/post"}],"author":[{"embeddable":true,"href":"https:\/\/archive.sana.sy\/tr\/index.php?rest_route=\/wp\/v2\/users\/1"}],"replies":[{"embeddable":true,"href":"https:\/\/archive.sana.sy\/tr\/index.php?rest_route=%2Fwp%2Fv2%2Fcomments&post=52740"}],"version-history":[{"count":0,"href":"https:\/\/archive.sana.sy\/tr\/index.php?rest_route=\/wp\/v2\/posts\/52740\/revisions"}],"wp:attachment":[{"href":"https:\/\/archive.sana.sy\/tr\/index.php?rest_route=%2Fwp%2Fv2%2Fmedia&parent=52740"}],"wp:term":[{"taxonomy":"category","embeddable":true,"href":"https:\/\/archive.sana.sy\/tr\/index.php?rest_route=%2Fwp%2Fv2%2Fcategories&post=52740"},{"taxonomy":"post_tag","embeddable":true,"href":"https:\/\/archive.sana.sy\/tr\/index.php?rest_route=%2Fwp%2Fv2%2Ftags&post=52740"}],"curies":[{"name":"wp","href":"https:\/\/api.w.org\/{rel}","templated":true}]}}