{"id":52746,"date":"2015-11-18T11:18:49","date_gmt":"2015-11-18T09:18:49","guid":{"rendered":"http:\/\/www.sana.sy\/tr\/?p=52746"},"modified":"2015-11-18T14:19:32","modified_gmt":"2015-11-18T12:19:32","slug":"lavrov-lubnan-disisleri-bakani-cubran-basil-ile-bugun-moskovada-bulundugu-gorusmelerin-ardindan-duzenledikleri-ortak-basin-toplantisinda-suriyedeki-krizin-siyasi-cozumune-iliskin-gecen-cum","status":"publish","type":"post","link":"https:\/\/archive.sana.sy\/tr\/?p=52746","title":{"rendered":"Lavrov L\u00fcbnan D\u0131\u015fi\u015fleri Bakan\u0131 C\u00fcbran Basil ile bug\u00fcn Moskova\u2019da bulundu\u011fu g\u00f6r\u00fc\u015fmelerin ard\u0131ndan d\u00fczenledikleri ortak bas\u0131n toplant\u0131s\u0131nda; Suriye&#8217;deki krizin siyasi \u00e7\u00f6z\u00fcm\u00fcne ili\u015fkin ge\u00e7en Cumartesi g\u00fcn\u00fc Viyana\u2019da d\u00fczenlenen toplant\u0131da kararla\u015ft\u0131r\u0131lan t\u00fcm ad\u0131mlar\u0131n hayata ge\u00e7irilmesi \u00f6nemini ifade etti."},"content":{"rendered":"<p>Lavrov L\u00fcbnan D\u0131\u015fi\u015fleri Bakan\u0131 C\u00fcbran Basil ile bug\u00fcn Moskova\u2019da bulundu\u011fu g\u00f6r\u00fc\u015fmelerin ard\u0131ndan d\u00fczenledikleri ortak bas\u0131n toplant\u0131s\u0131nda; Suriye&#8217;deki krizin siyasi \u00e7\u00f6z\u00fcm\u00fcne ili\u015fkin ge\u00e7en Cumartesi g\u00fcn\u00fc Viyana\u2019da d\u00fczenlenen toplant\u0131da kararla\u015ft\u0131r\u0131lan t\u00fcm ad\u0131mlar\u0131n hayata ge\u00e7irilmesi \u00f6nemini ifade etti.<\/p>\n","protected":false},"excerpt":{"rendered":"<p>Lavrov L\u00fcbnan D\u0131\u015fi\u015fleri Bakan\u0131 C\u00fcbran Basil ile bug\u00fcn Moskova\u2019da bulundu\u011fu g\u00f6r\u00fc\u015fmelerin ard\u0131ndan d\u00fczenledikleri ortak bas\u0131n toplant\u0131s\u0131nda; Suriye&#8217;deki krizin siyasi \u00e7\u00f6z\u00fcm\u00fcne ili\u015fkin ge\u00e7en Cumartesi g\u00fcn\u00fc Viyana\u2019da d\u00fczenlenen toplant\u0131da kararla\u015ft\u0131r\u0131lan t\u00fcm ad\u0131mlar\u0131n hayata ge\u00e7irilmesi \u00f6nemini ifade etti.<\/p>\n","protected":false},"author":1,"featured_media":0,"comment_status":"closed","ping_status":"closed","sticky":false,"template":"","format":"standard","meta":{"footnotes":""},"categories":[1],"tags":[],"class_list":["post-52746","post","type-post","status-publish","format-standard","","category-news-not-sorted"],"_links":{"self":[{"href":"https:\/\/archive.sana.sy\/tr\/index.php?rest_route=\/wp\/v2\/posts\/52746","targetHints":{"allow":["GET"]}}],"collection":[{"href":"https:\/\/archive.sana.sy\/tr\/index.php?rest_route=\/wp\/v2\/posts"}],"about":[{"href":"https:\/\/archive.sana.sy\/tr\/index.php?rest_route=\/wp\/v2\/types\/post"}],"author":[{"embeddable":true,"href":"https:\/\/archive.sana.sy\/tr\/index.php?rest_route=\/wp\/v2\/users\/1"}],"replies":[{"embeddable":true,"href":"https:\/\/archive.sana.sy\/tr\/index.php?rest_route=%2Fwp%2Fv2%2Fcomments&post=52746"}],"version-history":[{"count":0,"href":"https:\/\/archive.sana.sy\/tr\/index.php?rest_route=\/wp\/v2\/posts\/52746\/revisions"}],"wp:attachment":[{"href":"https:\/\/archive.sana.sy\/tr\/index.php?rest_route=%2Fwp%2Fv2%2Fmedia&parent=52746"}],"wp:term":[{"taxonomy":"category","embeddable":true,"href":"https:\/\/archive.sana.sy\/tr\/index.php?rest_route=%2Fwp%2Fv2%2Fcategories&post=52746"},{"taxonomy":"post_tag","embeddable":true,"href":"https:\/\/archive.sana.sy\/tr\/index.php?rest_route=%2Fwp%2Fv2%2Ftags&post=52746"}],"curies":[{"name":"wp","href":"https:\/\/api.w.org\/{rel}","templated":true}]}}