{"id":52747,"date":"2015-11-18T11:10:51","date_gmt":"2015-11-18T09:10:51","guid":{"rendered":"http:\/\/www.sana.sy\/tr\/?p=52747"},"modified":"2015-11-18T14:19:12","modified_gmt":"2015-11-18T12:19:12","slug":"rusya-disisleri-bakani-sergey-lavrov-ozellikle-isid-olmak-uzere-terore-karsi-mucadelede-uluslar-arasi-bir-cephenin-teskil-edilmesi-ve-buna-es-zamanli-olarak-suriyede-siyasi-sureci-ilerletme-onemini","status":"publish","type":"post","link":"https:\/\/archive.sana.sy\/tr\/?p=52747","title":{"rendered":"Rusya D\u0131\u015fi\u015fleri Bakan\u0131 Sergey Lavrov \u00f6zellikle I\u015e\u0130D olmak \u00fczere ter\u00f6re kar\u015f\u0131 m\u00fccadelede uluslar aras\u0131 bir cephenin te\u015fkil edilmesi ve buna e\u015f zamanl\u0131 olarak Suriye&#8217;de siyasi s\u00fcreci ilerletme \u00f6nemini bir kez daha vurgulad\u0131"},"content":{"rendered":"<p>Rusya D\u0131\u015fi\u015fleri Bakan\u0131 Sergey Lavrov \u00f6zellikle I\u015e\u0130D olmak \u00fczere ter\u00f6re kar\u015f\u0131 m\u00fccadelede uluslar aras\u0131 bir cephenin te\u015fkil edilmesi ve buna e\u015f zamanl\u0131 olarak Suriye&#8217;de siyasi s\u00fcreci ilerletme \u00f6nemini bir kez daha vurgulad\u0131<\/p>\n","protected":false},"excerpt":{"rendered":"<p>Rusya D\u0131\u015fi\u015fleri Bakan\u0131 Sergey Lavrov \u00f6zellikle I\u015e\u0130D olmak \u00fczere ter\u00f6re kar\u015f\u0131 m\u00fccadelede uluslar aras\u0131 bir cephenin te\u015fkil edilmesi ve buna e\u015f zamanl\u0131 olarak Suriye&#8217;de siyasi s\u00fcreci ilerletme \u00f6nemini bir kez daha vurgulad\u0131<\/p>\n","protected":false},"author":1,"featured_media":0,"comment_status":"closed","ping_status":"closed","sticky":false,"template":"","format":"standard","meta":{"footnotes":""},"categories":[1],"tags":[],"class_list":["post-52747","post","type-post","status-publish","format-standard","","category-news-not-sorted"],"_links":{"self":[{"href":"https:\/\/archive.sana.sy\/tr\/index.php?rest_route=\/wp\/v2\/posts\/52747","targetHints":{"allow":["GET"]}}],"collection":[{"href":"https:\/\/archive.sana.sy\/tr\/index.php?rest_route=\/wp\/v2\/posts"}],"about":[{"href":"https:\/\/archive.sana.sy\/tr\/index.php?rest_route=\/wp\/v2\/types\/post"}],"author":[{"embeddable":true,"href":"https:\/\/archive.sana.sy\/tr\/index.php?rest_route=\/wp\/v2\/users\/1"}],"replies":[{"embeddable":true,"href":"https:\/\/archive.sana.sy\/tr\/index.php?rest_route=%2Fwp%2Fv2%2Fcomments&post=52747"}],"version-history":[{"count":0,"href":"https:\/\/archive.sana.sy\/tr\/index.php?rest_route=\/wp\/v2\/posts\/52747\/revisions"}],"wp:attachment":[{"href":"https:\/\/archive.sana.sy\/tr\/index.php?rest_route=%2Fwp%2Fv2%2Fmedia&parent=52747"}],"wp:term":[{"taxonomy":"category","embeddable":true,"href":"https:\/\/archive.sana.sy\/tr\/index.php?rest_route=%2Fwp%2Fv2%2Fcategories&post=52747"},{"taxonomy":"post_tag","embeddable":true,"href":"https:\/\/archive.sana.sy\/tr\/index.php?rest_route=%2Fwp%2Fv2%2Ftags&post=52747"}],"curies":[{"name":"wp","href":"https:\/\/api.w.org\/{rel}","templated":true}]}}