{"id":52748,"date":"2015-11-18T11:25:55","date_gmt":"2015-11-18T09:25:55","guid":{"rendered":"http:\/\/www.sana.sy\/tr\/?p=52748"},"modified":"2015-11-18T14:20:04","modified_gmt":"2015-11-18T12:20:04","slug":"viyana-gorusmelerine-katilan-tum-taraflarin-teror-orgutleri-listesi-hazirlanmasi-konusunda-rusyanin-onerisini-onayladiklarini-belirten-lavrov-bir-kisim-teror-orgutlerin-ilimli-muhalifler","status":"publish","type":"post","link":"https:\/\/archive.sana.sy\/tr\/?p=52748","title":{"rendered":"Viyana g\u00f6r\u00fc\u015fmelerine kat\u0131lan t\u00fcm taraflar\u0131n ter\u00f6r \u00f6rg\u00fctleri listesi haz\u0131rlanmas\u0131 konusunda Rusya&#8217;n\u0131n \u00f6nerisini onaylad\u0131klar\u0131n\u0131 belirten Lavrov; bir k\u0131s\u0131m ter\u00f6r \u00f6rg\u00fctlerin \u2018\u0131l\u0131ml\u0131 muhalifler\u2019 olarak g\u00f6r\u00fcnmeleri amac\u0131yla renklenip hitap dilini de\u011fi\u015ftirmeye \u00e7al\u0131\u015ft\u0131klar\u0131n\u0131 ifade etti."},"content":{"rendered":"<p>Viyana g\u00f6r\u00fc\u015fmelerine kat\u0131lan t\u00fcm taraflar\u0131n ter\u00f6r \u00f6rg\u00fctleri listesi haz\u0131rlanmas\u0131 konusunda Rusya&#8217;n\u0131n \u00f6nerisini onaylad\u0131klar\u0131n\u0131 belirten Lavrov; bir k\u0131s\u0131m ter\u00f6r \u00f6rg\u00fctlerin \u2018\u0131l\u0131ml\u0131 muhalifler\u2019 olarak g\u00f6r\u00fcnmeleri amac\u0131yla renklenip hitap dilini de\u011fi\u015ftirmeye \u00e7al\u0131\u015ft\u0131klar\u0131n\u0131 ifade etti.<\/p>\n","protected":false},"excerpt":{"rendered":"<p>Viyana g\u00f6r\u00fc\u015fmelerine kat\u0131lan t\u00fcm taraflar\u0131n ter\u00f6r \u00f6rg\u00fctleri listesi haz\u0131rlanmas\u0131 konusunda Rusya&#8217;n\u0131n \u00f6nerisini onaylad\u0131klar\u0131n\u0131 belirten Lavrov; bir k\u0131s\u0131m ter\u00f6r \u00f6rg\u00fctlerin \u2018\u0131l\u0131ml\u0131 muhalifler\u2019 olarak g\u00f6r\u00fcnmeleri amac\u0131yla renklenip hitap dilini de\u011fi\u015ftirmeye \u00e7al\u0131\u015ft\u0131klar\u0131n\u0131 ifade etti.<\/p>\n","protected":false},"author":1,"featured_media":0,"comment_status":"closed","ping_status":"closed","sticky":false,"template":"","format":"standard","meta":{"footnotes":""},"categories":[1],"tags":[],"class_list":["post-52748","post","type-post","status-publish","format-standard","","category-news-not-sorted"],"_links":{"self":[{"href":"https:\/\/archive.sana.sy\/tr\/index.php?rest_route=\/wp\/v2\/posts\/52748","targetHints":{"allow":["GET"]}}],"collection":[{"href":"https:\/\/archive.sana.sy\/tr\/index.php?rest_route=\/wp\/v2\/posts"}],"about":[{"href":"https:\/\/archive.sana.sy\/tr\/index.php?rest_route=\/wp\/v2\/types\/post"}],"author":[{"embeddable":true,"href":"https:\/\/archive.sana.sy\/tr\/index.php?rest_route=\/wp\/v2\/users\/1"}],"replies":[{"embeddable":true,"href":"https:\/\/archive.sana.sy\/tr\/index.php?rest_route=%2Fwp%2Fv2%2Fcomments&post=52748"}],"version-history":[{"count":0,"href":"https:\/\/archive.sana.sy\/tr\/index.php?rest_route=\/wp\/v2\/posts\/52748\/revisions"}],"wp:attachment":[{"href":"https:\/\/archive.sana.sy\/tr\/index.php?rest_route=%2Fwp%2Fv2%2Fmedia&parent=52748"}],"wp:term":[{"taxonomy":"category","embeddable":true,"href":"https:\/\/archive.sana.sy\/tr\/index.php?rest_route=%2Fwp%2Fv2%2Fcategories&post=52748"},{"taxonomy":"post_tag","embeddable":true,"href":"https:\/\/archive.sana.sy\/tr\/index.php?rest_route=%2Fwp%2Fv2%2Ftags&post=52748"}],"curies":[{"name":"wp","href":"https:\/\/api.w.org\/{rel}","templated":true}]}}