{"id":52751,"date":"2015-11-18T11:30:47","date_gmt":"2015-11-18T09:30:47","guid":{"rendered":"http:\/\/www.sana.sy\/tr\/?p=52751"},"modified":"2015-11-18T14:20:23","modified_gmt":"2015-11-18T12:20:23","slug":"suriyede-secimler-konusunda-ise-lavrov-viyanada-yapilan-ne-ilk-ne-de-ikinci-gorusmelerde-suriye-cumhurbaskani-bessar-el-esadin-secimlere-ya-da-siyasi-surece-katilmamasini-ifade-e","status":"publish","type":"post","link":"https:\/\/archive.sana.sy\/tr\/?p=52751","title":{"rendered":"Suriye&#8217;de se\u00e7imler konusunda ise Lavrov; Viyana\u2019da yap\u0131lan ne ilk, ne de ikinci g\u00f6r\u00fc\u015fmelerde Suriye Cumhurba\u015fkan\u0131 Be\u015f\u015far el Esad\u2019\u0131n se\u00e7imlere ya da siyasi s\u00fcrece kat\u0131lmamas\u0131n\u0131 ifade eden hi\u00e7bir ibarenin ge\u00e7medi\u011finin alt\u0131n\u0131 \u00e7izdi."},"content":{"rendered":"<p>Suriye&#8217;de se\u00e7imler konusunda ise Lavrov; Viyana\u2019da yap\u0131lan ne ilk, ne de ikinci g\u00f6r\u00fc\u015fmelerde Suriye Cumhurba\u015fkan\u0131 Be\u015f\u015far el Esad\u2019\u0131n se\u00e7imlere ya da siyasi s\u00fcrece kat\u0131lmamas\u0131n\u0131 ifade eden hi\u00e7bir ibarenin ge\u00e7medi\u011finin alt\u0131n\u0131 \u00e7izdi.<\/p>\n","protected":false},"excerpt":{"rendered":"<p>Suriye&#8217;de se\u00e7imler konusunda ise Lavrov; Viyana\u2019da yap\u0131lan ne ilk, ne de ikinci g\u00f6r\u00fc\u015fmelerde Suriye Cumhurba\u015fkan\u0131 Be\u015f\u015far el Esad\u2019\u0131n se\u00e7imlere ya da siyasi s\u00fcrece kat\u0131lmamas\u0131n\u0131 ifade eden hi\u00e7bir ibarenin ge\u00e7medi\u011finin alt\u0131n\u0131 \u00e7izdi.<\/p>\n","protected":false},"author":1,"featured_media":0,"comment_status":"closed","ping_status":"closed","sticky":false,"template":"","format":"standard","meta":{"footnotes":""},"categories":[1],"tags":[],"class_list":["post-52751","post","type-post","status-publish","format-standard","","category-news-not-sorted"],"_links":{"self":[{"href":"https:\/\/archive.sana.sy\/tr\/index.php?rest_route=\/wp\/v2\/posts\/52751","targetHints":{"allow":["GET"]}}],"collection":[{"href":"https:\/\/archive.sana.sy\/tr\/index.php?rest_route=\/wp\/v2\/posts"}],"about":[{"href":"https:\/\/archive.sana.sy\/tr\/index.php?rest_route=\/wp\/v2\/types\/post"}],"author":[{"embeddable":true,"href":"https:\/\/archive.sana.sy\/tr\/index.php?rest_route=\/wp\/v2\/users\/1"}],"replies":[{"embeddable":true,"href":"https:\/\/archive.sana.sy\/tr\/index.php?rest_route=%2Fwp%2Fv2%2Fcomments&post=52751"}],"version-history":[{"count":0,"href":"https:\/\/archive.sana.sy\/tr\/index.php?rest_route=\/wp\/v2\/posts\/52751\/revisions"}],"wp:attachment":[{"href":"https:\/\/archive.sana.sy\/tr\/index.php?rest_route=%2Fwp%2Fv2%2Fmedia&parent=52751"}],"wp:term":[{"taxonomy":"category","embeddable":true,"href":"https:\/\/archive.sana.sy\/tr\/index.php?rest_route=%2Fwp%2Fv2%2Fcategories&post=52751"},{"taxonomy":"post_tag","embeddable":true,"href":"https:\/\/archive.sana.sy\/tr\/index.php?rest_route=%2Fwp%2Fv2%2Ftags&post=52751"}],"curies":[{"name":"wp","href":"https:\/\/api.w.org\/{rel}","templated":true}]}}