{"id":52794,"date":"2015-11-18T19:02:37","date_gmt":"2015-11-18T17:02:37","guid":{"rendered":"http:\/\/www.sana.sy\/tr\/?p=52794"},"modified":"2015-11-18T19:02:37","modified_gmt":"2015-11-18T17:02:37","slug":"sanaya-aciklama-yapan-askeri-bir-kaynak-halep-ve-deyrezzor-kirsallari-hmiyme-tel-ahmar-akuvle-resm-el-abd-han-el-asel-kefar-hamra-ve-huvayka-koylerinde-teroristlerin-toplanma-yerleri-ve","status":"publish","type":"post","link":"https:\/\/archive.sana.sy\/tr\/?p=52794","title":{"rendered":"SANA\u2019ya a\u00e7\u0131klama yapan askeri bir kaynak; Halep ve Deyrezzor k\u0131rsallar\u0131 Hmiyme, Tel Ahmar, \u00c2kuvle, Resm el Abd, Han el Asel, Kefar Hamra ve Huvayka k\u00f6ylerinde ter\u00f6ristlerin toplanma yerleri ve mevkilerini yo\u011fun ate\u015fe tutan hava g\u00fc\u00e7lerimizin; radikal ter\u00f6r saflar\u0131nda b\u00fcy\u00fck kay\u0131plara yol a\u00e7t\u0131klar\u0131n\u0131 s\u00f6yledi"},"content":{"rendered":"<p>SANA\u2019ya a\u00e7\u0131klama yapan askeri bir kaynak; Halep ve Deyrezzor k\u0131rsallar\u0131 Hmiyme, Tel Ahmar, \u00c2kuvle, Resm el Abd, Han el Asel, Kefar Hamra ve Huvayka k\u00f6ylerinde ter\u00f6ristlerin toplanma yerleri ve mevkilerini yo\u011fun ate\u015fe tutan hava g\u00fc\u00e7lerimizin; radikal ter\u00f6r saflar\u0131nda b\u00fcy\u00fck kay\u0131plara yol a\u00e7t\u0131klar\u0131n\u0131 s\u00f6yledi<\/p>\n","protected":false},"excerpt":{"rendered":"<p>SANA\u2019ya a\u00e7\u0131klama yapan askeri bir kaynak; Halep ve Deyrezzor k\u0131rsallar\u0131 Hmiyme, Tel Ahmar, \u00c2kuvle, Resm el Abd, Han el Asel, Kefar Hamra ve Huvayka k\u00f6ylerinde ter\u00f6ristlerin toplanma yerleri ve mevkilerini yo\u011fun ate\u015fe tutan hava g\u00fc\u00e7lerimizin; radikal ter\u00f6r saflar\u0131nda b\u00fcy\u00fck kay\u0131plara yol a\u00e7t\u0131klar\u0131n\u0131 s\u00f6yledi<\/p>\n","protected":false},"author":1,"featured_media":0,"comment_status":"closed","ping_status":"closed","sticky":false,"template":"","format":"standard","meta":{"footnotes":""},"categories":[1],"tags":[],"class_list":["post-52794","post","type-post","status-publish","format-standard","","category-news-not-sorted"],"_links":{"self":[{"href":"https:\/\/archive.sana.sy\/tr\/index.php?rest_route=\/wp\/v2\/posts\/52794","targetHints":{"allow":["GET"]}}],"collection":[{"href":"https:\/\/archive.sana.sy\/tr\/index.php?rest_route=\/wp\/v2\/posts"}],"about":[{"href":"https:\/\/archive.sana.sy\/tr\/index.php?rest_route=\/wp\/v2\/types\/post"}],"author":[{"embeddable":true,"href":"https:\/\/archive.sana.sy\/tr\/index.php?rest_route=\/wp\/v2\/users\/1"}],"replies":[{"embeddable":true,"href":"https:\/\/archive.sana.sy\/tr\/index.php?rest_route=%2Fwp%2Fv2%2Fcomments&post=52794"}],"version-history":[{"count":0,"href":"https:\/\/archive.sana.sy\/tr\/index.php?rest_route=\/wp\/v2\/posts\/52794\/revisions"}],"wp:attachment":[{"href":"https:\/\/archive.sana.sy\/tr\/index.php?rest_route=%2Fwp%2Fv2%2Fmedia&parent=52794"}],"wp:term":[{"taxonomy":"category","embeddable":true,"href":"https:\/\/archive.sana.sy\/tr\/index.php?rest_route=%2Fwp%2Fv2%2Fcategories&post=52794"},{"taxonomy":"post_tag","embeddable":true,"href":"https:\/\/archive.sana.sy\/tr\/index.php?rest_route=%2Fwp%2Fv2%2Ftags&post=52794"}],"curies":[{"name":"wp","href":"https:\/\/api.w.org\/{rel}","templated":true}]}}