{"id":52823,"date":"2015-11-19T19:20:28","date_gmt":"2015-11-19T17:20:28","guid":{"rendered":"http:\/\/www.sana.sy\/tr\/?p=52823"},"modified":"2015-11-20T18:48:29","modified_gmt":"2015-11-20T16:48:29","slug":"el-esad-terore-destek-veren-ulkeler-cozumun-bir-parcasi-degildir","status":"publish","type":"post","link":"https:\/\/archive.sana.sy\/tr\/?p=52823","title":{"rendered":"El Esad: Ter\u00f6re Destek Veren \u00dclkeler \u00c7\u00f6z\u00fcm\u00fcn Bir Par\u00e7as\u0131 De\u011fildir"},"content":{"rendered":"<p>\u015eAM \u2013 Cumhurba\u015fkan\u0131 Be\u015f\u015far el Esad, Fransa\u2019ya ter\u00f6rle m\u00fccadele konusunda ciddi bir tutum tak\u0131nma ve ABD\u2019nin \u00e7ifte standartl\u0131 \u00e7izgisine ba\u011f\u0131ml\u0131 olan politikalar\u0131n\u0131 de\u011fi\u015ftirerek ger\u00e7ek\u00e7i Frans\u0131z politikalar\u0131na d\u00f6nme \u00e7a\u011fr\u0131s\u0131 yapt\u0131.<\/p>\n<p>Frans\u0131z Valeurs Actuelles dergisine konu\u015fan Cumhurba\u015fkan\u0131 el Esad, \u201cter\u00f6rle ger\u00e7ek anlamda m\u00fccadele eden g\u00fc\u00e7lerle i\u015fbirli\u011fi kurmadan ter\u00f6rle m\u00fccadele etmek m\u00fcmk\u00fcn de\u011fildir, ter\u00f6ristlere destek veren \u00fclkeler Suriye\u2019de \u00e7\u00f6z\u00fcm\u00fcn bir par\u00e7as\u0131 olamaz\u201d dedi.<\/p>\n<p>Fransa Cumhurba\u015fkan\u0131 FrancoisHollande\u2019\u0131n Cumhurba\u015fkan\u0131 el Esad\u2019\u0131n \u00e7\u00f6z\u00fcm olmad\u0131\u011f\u0131 ve sorunun bir par\u00e7as\u0131n\u0131 olu\u015fturdu\u011fu y\u00f6n\u00fcndeki s\u00f6zlerini de\u011ferlendiren el Esad, Suriye halk\u0131n\u0131n Hollande\u2019a kendi ad\u0131na konu\u015fma yetkisi verip vermedi\u011fini sorarak \u201cbu s\u00f6zler Suriye halk\u0131na hakarettir ve onu tan\u0131mad\u0131\u011f\u0131n\u0131 ifade eder. Fransa her zaman Frans\u0131z devriminin miras\u0131 ve ilkeleriyle, demokrasi ve insan haklar\u0131yla \u00f6v\u00fcnm\u00fc\u015ft\u00fcr. Demokrasinin ilk ilkesi halk\u0131n kendi ba\u015fkan\u0131n\u0131 se\u00e7me hakk\u0131d\u0131r, dolay\u0131s\u0131yla Frans\u0131z halk\u0131n\u0131 temsil eden birinin Fransa Cumhuriyetinin ve Fransa halk\u0131n\u0131n ilkeleriyle \u00e7eli\u015fen bu s\u00f6zleri s\u00f6ylemesi utan\u00e7 verici. Bu \u015fahs\u0131n tarihi binlerce y\u0131la dayanan uygar Suriye halk\u0131na hakaret etmesi utan\u00e7 verici\u201d diye konu\u015ftu.<\/p>\n<p>El Esad, Hollande\u2019\u0131n s\u00f6zlerinin Suriye\u2019deki ger\u00e7eklilere etki etmeyece\u011fini \u00e7\u00fcnk\u00fc ger\u00e7ekliklerin bu t\u00fcr a\u00e7\u0131klamalardan etkilenemeyece\u011fini s\u00f6zlerine ekledi.<\/p>\n<p><span style=\"color: #0000ff\">Ter\u00f6r\u00fc Destekleyenlerle \u0130\u015fbirli\u011fi Yapmayaca\u011f\u0131z <\/span><\/p>\n<p><a href=\"http:\/\/www.sana.sy\/tr\/?attachment_id=52853\" rel=\"attachment wp-att-52853\"><img loading=\"lazy\" decoding=\"async\" class=\"size-medium wp-image-52853 alignright\" src=\"http:\/\/www.sana.sy\/tr\/wp-content\/uploads\/2015\/11\/el-Esad-21-300x200.jpg\" alt=\"el Esad 2\" width=\"300\" height=\"200\" srcset=\"https:\/\/archive.sana.sy\/tr\/wp-content\/uploads\/2015\/11\/el-Esad-21-300x200.jpg 300w, https:\/\/archive.sana.sy\/tr\/wp-content\/uploads\/2015\/11\/el-Esad-21-150x100.jpg 150w, https:\/\/archive.sana.sy\/tr\/wp-content\/uploads\/2015\/11\/el-Esad-21.jpg 500w\" sizes=\"auto, (max-width: 300px) 100vw, 300px\" \/><\/a>Hollande ve Fransa D\u0131\u015fi\u015fleri Bakan\u0131 LaurenetFabius\u2019a \u00f6zellikle Katar ve Suudi Arabistan\u2019la ili\u015fkilerini kesme konusunda bir mesaj\u0131 olup olmad\u0131\u011f\u0131na ili\u015fkin soruya yan\u0131t veren el Esad, Fransa\u2019n\u0131n ABD\u2019den ba\u011f\u0131ms\u0131z bir politika izlemedi\u011fini bu nedenle verece\u011fi herhangi bir mesaj\u0131n uygulanaca\u011f\u0131ndan ku\u015fku duydu\u011funu belirtti.<\/p>\n<p>El Esad, Fransa\u2019n\u0131n objektif, ba\u011f\u0131ms\u0131z, Suriye ve Ortado\u011fu\u2019ya dost politikalar\u0131na d\u00f6nmesi gereklili\u011fine vurgu yaparak Fransa\u2019n\u0131n ABD\u2019nin \u00e7ifte standartl\u0131 \u00e7izgisinden uzakla\u015fmas\u0131 gerekti\u011finin alt\u0131n\u0131 \u00e7izdi.<\/p>\n<p>Suriye devletiyle demokrasi konusunda sorunu olan bir \u00fclkenin d\u00fcnyan\u0131n en gerici ve en az geli\u015fmi\u015f Katar ve Suudi Arabistan\u2019la iyi ili\u015fkiler kurmas\u0131n\u0131n \u00e7eli\u015fkili ve inand\u0131r\u0131c\u0131l\u0131ktan uzak bir tutum oldu\u011funa dikkat \u00e7ekti.<\/p>\n<p>El Esad, Fransa h\u00fck\u00fcmetinin halk\u0131n\u0131n \u00e7\u0131karlar\u0131n\u0131 g\u00f6zeten bir politika izlemesi durumunda Fransa ve Suriye halklar\u0131n\u0131n \u00f6zellikle ter\u00f6rle m\u00fccadele konusunda \u00e7\u0131karlar\u0131n\u0131n ortak olaca\u011f\u0131na dikkat \u00e7ekerek Fransa h\u00fck\u00fcmetine ter\u00f6rle m\u00fccadele konusunda ciddi bir yakla\u015f\u0131m sergileme \u00e7a\u011fr\u0131s\u0131 yapt\u0131.<\/p>\n<p>Cumhurba\u015fkan\u0131 el Esad, \u201cE\u011fer Fransa h\u00fck\u00fcmeti, ter\u00f6rizme kar\u015f\u0131 m\u00fccadeleye ciddi yakla\u015fm\u0131yorsa zaman\u0131m\u0131z\u0131 harcamayaca\u011f\u0131z, ter\u00f6r\u00fc destekleyen \u00fclke, h\u00fck\u00fcmet veya bir \u00f6rg\u00fctle i\u015fbirli\u011fi yapmayaca\u011f\u0131z\u201d diyerek bir yandan ter\u00f6r\u00fc destekleyip di\u011fer yandan ter\u00f6rle m\u00fccadele etti\u011fini iddia eden \u00fclkelerin \u00e7ifte standartl\u0131 tutumunu ele\u015ftirdi.<\/p>\n<p>Siyasette dostluk ve duygulara yer olmad\u0131\u011f\u0131n\u0131 ve \u00e7\u0131karlar\u0131n temel al\u0131nd\u0131\u011f\u0131n\u0131 s\u00f6yleyen el Esad, \u201cmesele el Esad\u2019\u0131 yada Hollande\u2019\u0131 sevip sevmemek de\u011fil, amac\u0131m Suriyeliler i\u00e7in en iyisini yapmak, onlar\u0131n amac\u0131 da Frans\u0131zlar i\u00e7in en iyisini yapmakt\u0131r\u201d diye konu\u015ftu.<\/p>\n<p>Suriye\u2019ye askeri g\u00fc\u00e7 g\u00f6ndermeden birka\u00e7 ay \u00f6nce a\u00e7\u0131klanan Rus koalisyonunun Suriye\u2019de yada d\u00fcnyan\u0131n herhangi bir yerinde ter\u00f6rle m\u00fccadele edilmezse ter\u00f6r, Rusya dahil olmak \u00fczere her yere zarar verecektir g\u00fcd\u00fcs\u00fcyle harekete ge\u00e7ti\u011fini s\u00f6yleyen el Esad, dolay\u0131s\u0131yla Suriye\u2019de ter\u00f6rle m\u00fccadele edildi\u011fi zaman Rusya, Avrupa ve di\u011fer k\u0131talar\u0131n korundu\u011funu belirtti.<\/p>\n<p>Cumhurba\u015fkan\u0131 el Esad, Suriye\u2019nin 70\u2019li ve 90\u2019l\u0131 y\u0131llardan bu yana ter\u00f6rist M\u00fcsl\u00fcman Karde\u015flerle m\u00fccadele etmesinden itibaren ter\u00f6rle m\u00fccadele i\u00e7in uluslararas\u0131 bir koalisyon kurulmas\u0131n\u0131 \u00f6nerdi\u011fine dikkat \u00e7ekerek ter\u00f6r\u00fcn siyasi s\u0131n\u0131r tan\u0131mad\u0131\u011f\u0131, g\u00fcvenlik \u00f6nlemlerini de umursamad\u0131\u011f\u0131n\u0131n alt\u0131n\u0131 \u00e7izdi.<\/p>\n<p>El Esad, sadece Rusya Ba\u015fkan\u0131 Vladimir Putin\u2019in de\u011fil ter\u00f6rle nerede olursa olsun m\u00fccadele eden herkesin b\u00fct\u00fcn d\u00fcnyay\u0131 korudu\u011funu ifade etti.<\/p>\n<p>Viyana toplant\u0131s\u0131 ve T\u00fcrkiye\u2019de d\u00fczenlenen G20 zirvesiyle birlikte g\u00fcndeme getirilen \u201c\u00e7\u00f6z\u00fcm Be\u015f\u015far el Esad\u2019\u0131n gitmesidir\u201d y\u00f6n\u00fcndeki iddialar ve Suriye i\u00e7in en iyi \u00e7\u00f6z\u00fcm olmas\u0131 halinde iktidar\u0131 b\u0131rak\u0131p b\u0131rakmayaca\u011f\u0131na ili\u015fkin soruya yan\u0131t\u0131nda el Esad, \u201ctalebin ne oldu\u011fu bir yana yabanc\u0131lar\u0131n iste\u011fi do\u011frultusunda bunu yapacaksam e\u011fer cevab\u0131m hay\u0131r \u00e7\u00fcnk\u00fc onlar\u0131n Suriye\u2019nin kararlar\u0131nda s\u00f6z hakk\u0131 yoktur\u201d dedi.<\/p>\n<p>Bu isteklerini dillendiren \u00fclkelerin \u015fu ana kadar yapt\u0131\u011f\u0131 tek \u015feyin ter\u00f6ristlere farkl\u0131 y\u00f6ntemlerle destek vermek ve sorun yaratmak oldu\u011funa dikkat \u00e7eken el Esad, \u201cter\u00f6re destek veren \u00fclkeler Suriye\u2019de \u00e7\u00f6z\u00fcm\u00fcn bir par\u00e7as\u0131 de\u011fildir. Bu nedenle onlar\u0131n isteklerine yan\u0131t vermeyece\u011fiz ve onlar\u0131 umursam\u0131yoruz\u201d diye konu\u015ftu.<\/p>\n<p><span style=\"color: #0000ff\">Kalmam yada Gitmem Suriye Halk\u0131n\u0131n \u0130radesi ve Parlamento Karar\u0131na Ba\u011fl\u0131<\/span><\/p>\n<p><a href=\"http:\/\/www.sana.sy\/tr\/?attachment_id=52854\" rel=\"attachment wp-att-52854\"><img loading=\"lazy\" decoding=\"async\" class=\"size-medium wp-image-52854 alignright\" src=\"http:\/\/www.sana.sy\/tr\/wp-content\/uploads\/2015\/11\/el-Esad-32-300x200.jpg\" alt=\"el Esad 3\" width=\"300\" height=\"200\" srcset=\"https:\/\/archive.sana.sy\/tr\/wp-content\/uploads\/2015\/11\/el-Esad-32-300x200.jpg 300w, https:\/\/archive.sana.sy\/tr\/wp-content\/uploads\/2015\/11\/el-Esad-32-150x100.jpg 150w, https:\/\/archive.sana.sy\/tr\/wp-content\/uploads\/2015\/11\/el-Esad-32.jpg 500w\" sizes=\"auto, (max-width: 300px) 100vw, 300px\" \/><\/a>El Esad, gitmesi yada kalmas\u0131n\u0131n sadece Suriye halk\u0131n\u0131n iradesine ve parlamentonun karar\u0131na ba\u011fl\u0131 oldu\u011funu belirterek Suriye halk\u0131n\u0131n buna sand\u0131kta karar verece\u011finin alt\u0131n\u0131 \u00e7izdi.<\/p>\n<p>Kendine, uygarl\u0131\u011f\u0131na ve halk\u0131na sayg\u0131 duyan herhangi bir \u00fclkede ba\u015fkan\u0131n\u0131n iktidara gelmesi ya da iktidar\u0131 b\u0131rakmas\u0131n\u0131n anayasay\u0131 yans\u0131tan siyasi s\u00fcre\u00e7le olaca\u011f\u0131n\u0131 ifade eden el Esad, \u201cba\u015fkan\u0131n iktidara gelmesi yada gitmesi anayasa, parlamento karar\u0131, se\u00e7imle yada referandumla olur\u201d dedi.<\/p>\n<p>Suriye, Irak ve L\u00fcbnan ba\u015fta olmak \u00fczere b\u00f6lgedeki geli\u015fmeleri ve b\u00f6l\u00fcnme senaryolar\u0131n\u0131 de\u011ferlendiren el Esad, bat\u0131 medyas\u0131n\u0131n Suriye, Irak ve L\u00fcbnan ba\u015fta olmak \u00fczere b\u00f6lgedeki sorunun bir arada ya\u015famak istemeyen etnik gruplar, mezhepler ve farkl\u0131 kesimler aras\u0131ndaki bir i\u00e7 sava\u015f oldu\u011fu alg\u0131s\u0131 yaratmaya \u00e7al\u0131\u015ft\u0131\u011f\u0131n\u0131 belirtti.<\/p>\n<p>Bat\u0131 medyas\u0131n\u0131n bununla birlikte \u00fclkelerin etnik ve mezhep temelde b\u00f6l\u00fcnmesini g\u00fcndeme getirdi\u011fine i\u015faret eden el Esad, Suriye ve di\u011fer \u00fclkelerde ya\u015fananlar\u0131n i\u00e7 sava\u015fla ilgisi olmad\u0131\u011f\u0131n\u0131, Suriye h\u00fck\u00fcmetinin kontrol\u00fc alt\u0131ndaki b\u00f6lgelerde Suriye halk\u0131n\u0131n t\u00fcm bile\u015fenlerinin bir arada ya\u015fad\u0131\u011f\u0131na dikkat \u00e7ekti.<\/p>\n<p>El Esad, b\u00f6l\u00fcnme olmas\u0131 halinde Suriye halk\u0131n\u0131n bile\u015fenleri aras\u0131nda etnik yadamezhepsel anlamda net s\u0131n\u0131rlar \u00e7izmek gerekti\u011fini s\u00f6yleyerek dolay\u0131s\u0131yla k\u00fc\u00e7\u00fck devletlerin birbiriyle \u00e7at\u0131\u015faca\u011f\u0131 sonu olmayan ve belki y\u00fczy\u0131llar s\u00fcrecek sava\u015flar\u0131n \u00e7\u0131kabilece\u011fi uyar\u0131s\u0131nda bulundu.<\/p>\n<p>Bunun da di\u011fer d\u00fcnya \u00fclkeleri i\u00e7in s\u00fcrekli sava\u015f, t\u00fcm d\u00fcnyaya ihra\u00e7 edilecek daha fazla istikrars\u0131zl\u0131k ve ter\u00f6r anlam\u0131na geldi\u011fini belirten el Esad, bunun d\u00fc\u015f\u00fcnce olarak \u00e7ok tehlikeli bir y\u00f6ntem oldu\u011funu vurgulad\u0131.<\/p>\n<p>El Esad, Suriye halk\u0131n\u0131n h\u00fck\u00fcmet yanl\u0131s\u0131 ya da muhalif olsun Suriye\u2019nin birli\u011fi ve b\u00fct\u00fcnl\u00fc\u011f\u00fcn\u00fc savundu\u011funu vurgulad\u0131.<br \/>\nBirka\u00e7 ay sonra yap\u0131lmas\u0131 beklenen se\u00e7imlerin uluslararas\u0131 g\u00f6zlemciler taraf\u0131ndan denetlenmesine kar\u015f\u0131 olmad\u0131klar\u0131n\u0131 ifade eden el Esad bu uluslararas\u0131 g\u00f6zlemcilerin g\u00fcvenilir olmayan, ABD ve bat\u0131n\u0131n kontrol\u00fc alt\u0131ndaki BM\u2019ye ba\u011fl\u0131 \u00f6rg\u00fctler olamayaca\u011f\u0131n\u0131n alt\u0131n\u0131 \u00e7izdi.<\/p>\n<p>El Esad, uluslararas\u0131 g\u00f6zlemcilerin Suriye krizi s\u0131ras\u0131nda tarafs\u0131z kalan, ter\u00f6r\u00fc desteklemeyen ve Suriye\u2019de olanlara y\u00f6nelik tutumlar\u0131n\u0131 siyasile\u015ftirmeyen \u00fclkelerden olu\u015fmas\u0131 gerekti\u011fine dikkat \u00e7ekti.<\/p>\n<p><span style=\"color: #0000ff\">T\u00fcrkiye Suriye Krizinde En Tehlikeli Rol\u00fc Oynam\u0131\u015ft\u0131r <\/span><\/p>\n<p>Cihat\u00e7\u0131lar\u0131n Suriye\u2019ye ge\u00e7i\u015fini kolayla\u015ft\u0131ran T\u00fcrkiye\u2019nin rol\u00fcn\u00fc de\u011ferlendiren el Esad, T\u00fcrkiye\u2019nin oynad\u0131\u011f\u0131 rol\u00fc olaylardaki en tehlikeli rol olarak de\u011ferlendirdi.<\/p>\n<p>T\u00fcrkiye\u2019nin ter\u00f6ristlere her t\u00fcrl\u00fc deste\u011fi verdi\u011fini hat\u0131rlatan el Esad, baz\u0131 \u00fclkelerin Kaide\u2019ye ba\u011fl\u0131 Nusra cephesine, bir k\u0131sm\u0131n\u0131n da\u0130\u015e\u0130D\u2019e destek verdi\u011fini, fakat T\u00fcrkiye\u2019nin Nusra Cephesiyle birlikte \u0130\u015e\u0130D ve farkl\u0131 ter\u00f6r gruplar\u0131n\u0131 destekledi\u011fine dikkat \u00e7ekti.<\/p>\n<p>T\u00fcrkiye\u2019nin farl\u0131 ter\u00f6r \u00f6rg\u00fctlerine lojistik, silah, militan, para ve istihbarat bilgileri olmak \u00fczere her t\u00fcrl\u00fc deste\u011fi verdi\u011fini, T\u00fcrk Ordusunun Suriye\u2019deki \u00e7at\u0131\u015fmalarla e\u015fzamanl\u0131 olarak s\u0131n\u0131rda yapt\u0131\u011f\u0131 askeri tatbikatlar\u0131n bile bu amac\u0131 y\u00f6nelik oldu\u011funu s\u00f6zlerine ekledi.<\/p>\n<p>Bununla birlikte d\u00fcnyan\u0131n farl\u0131 yerlerinden toplanan paralar\u0131n T\u00fcrkiye \u00fczerinden ter\u00f6ristlere aktar\u0131ld\u0131\u011f\u0131na, \u0130\u015e\u0130D\u2019in petrol\u00fc T\u00fcrkiye\u2019de satt\u0131\u011f\u0131na i\u015faret eden Cumhurba\u015fkan\u0131 el Esad, T\u00fcrkiye\u2019nin Suriye krizinde en k\u00f6t\u00fc ve en tehlikeli rol\u00fc oynad\u0131\u011f\u0131n\u0131n alt\u0131n\u0131 \u00e7izdi.<\/p>\n<p>El Esad, bunun do\u011frudan Erdo\u011fan ve Davuto\u011flu\u2019yla alakal\u0131 oldu\u011funa dikkat \u00e7ekerek bu ikilinin i\u00e7lerinde ta\u015f\u0131d\u0131klar\u0131 ger\u00e7ek ideolojiyi, M\u00fcsl\u00fcman Karde\u015flerin ideolojisini yans\u0131tt\u0131klar\u0131n\u0131 belirtti.<\/p>\n<p>Erdo\u011fan\u2019\u0131n M\u00fcsl\u00fcman Karde\u015fler \u00f6rg\u00fct\u00fcne \u00fcye olup olmad\u0131\u011f\u0131na ili\u015fkin soruya yan\u0131t\u0131nda El Esad, \u201c\u00f6rg\u00fctl\u00fc olmas\u0131 \u015fart de\u011fil. Ta\u015f\u0131d\u0131\u011f\u0131 zihniyet y\u00fczde y\u00fcz \u0130hvanc\u0131 zihniyetidir. Erdo\u011fan\u2019\u0131n siyasi \u0130slam\u2019a, \u0130slam\u2019la alakas\u0131 olmayan oport\u00fcnist \u0130slam\u2019a a\u015f\u0131r\u0131 ilgisi var. Biz dinin siyasalla\u015ft\u0131r\u0131lmas\u0131na kar\u015f\u0131y\u0131z. Dolay\u0131s\u0131yla mesele ki\u015fisel olarak onunla alakal\u0131\u201d dedi.<\/p>\n<p>Erdo\u011fan\u2019\u0131n M\u00fcsl\u00fcman Karde\u015flerin t\u00fcm Arap \u00e2lemineh\u00fckmetmesini ve dolay\u0131s\u0131yla onlar\u0131 kontrol\u00fc alt\u0131na alarak sultan daha do\u011frusu halife olmak istedi\u011fini belirten el Esad \u201cT\u00fcrkiye\u2019nin oynad\u0131\u011f\u0131 rol budur\u201d diye konu\u015ftu.<\/p>\n<p>Fransa h\u00fck\u00fcmetinin Katar ve Suudi Arabistan\u2019la ili\u015fkilerini s\u00fcrd\u00fcrd\u00fc\u011f\u00fc m\u00fcddet\u00e7e ter\u00f6rle m\u00fccadele edemeyece\u011fine inand\u0131\u011f\u0131n\u0131 s\u00f6yleyen el Esad, bununla birlikte ter\u00f6rle yada \u0130\u015e\u0130D\u2019le ger\u00e7ek anlamda m\u00fccadele eden g\u00fc\u00e7lerle i\u015fbirli\u011fi yapmayan, ter\u00f6r\u00fc do\u011frudan yada dolayl\u0131 yoldan destekleyerek yanl\u0131\u015f politikalar izleyenlerin ter\u00f6rle m\u00fccadele edemeyece\u011fini ekledi.<\/p>\n<p>S.K. &#8211; R.H.<\/p>\n","protected":false},"excerpt":{"rendered":"<p>\u015eAM \u2013 Cumhurba\u015fkan\u0131 Be\u015f\u015far el Esad, Fransa\u2019ya ter\u00f6rle m\u00fccadele konusunda ciddi bir tutum tak\u0131nma ve ABD\u2019nin \u00e7ifte standartl\u0131 \u00e7izgisine ba\u011f\u0131ml\u0131 olan politikalar\u0131n\u0131 de\u011fi\u015ftirerek ger\u00e7ek\u00e7i Frans\u0131z politikalar\u0131na d\u00f6nme \u00e7a\u011fr\u0131s\u0131 yapt\u0131. Frans\u0131z Valeurs Actuelles dergisine konu\u015fan Cumhurba\u015fkan\u0131 el Esad, \u201cter\u00f6rle ger\u00e7ek anlamda m\u00fccadele eden g\u00fc\u00e7lerle i\u015fbirli\u011fi kurmadan ter\u00f6rle m\u00fccadele etmek m\u00fcmk\u00fcn de\u011fildir, ter\u00f6ristlere destek veren \u00fclkeler Suriye\u2019de &hellip;<\/p>\n","protected":false},"author":1,"featured_media":52824,"comment_status":"closed","ping_status":"closed","sticky":false,"template":"","format":"standard","meta":{"footnotes":""},"categories":[479,611,605,2554,2555,478],"tags":[17767],"class_list":["post-52823","post","type-post","status-publish","format-standard","has-post-thumbnail","","category-haberler-yerel","category-roportaj","category-sayin-cumhurbaskani","category-suriye-ve-dunya","category-suriye-ve-turkiye","category-yerel","tag-el-esad-terore-destek-veren-ulkeler-cozumun-bir-parcasi-degildir"],"_links":{"self":[{"href":"https:\/\/archive.sana.sy\/tr\/index.php?rest_route=\/wp\/v2\/posts\/52823","targetHints":{"allow":["GET"]}}],"collection":[{"href":"https:\/\/archive.sana.sy\/tr\/index.php?rest_route=\/wp\/v2\/posts"}],"about":[{"href":"https:\/\/archive.sana.sy\/tr\/index.php?rest_route=\/wp\/v2\/types\/post"}],"author":[{"embeddable":true,"href":"https:\/\/archive.sana.sy\/tr\/index.php?rest_route=\/wp\/v2\/users\/1"}],"replies":[{"embeddable":true,"href":"https:\/\/archive.sana.sy\/tr\/index.php?rest_route=%2Fwp%2Fv2%2Fcomments&post=52823"}],"version-history":[{"count":0,"href":"https:\/\/archive.sana.sy\/tr\/index.php?rest_route=\/wp\/v2\/posts\/52823\/revisions"}],"wp:featuredmedia":[{"embeddable":true,"href":"https:\/\/archive.sana.sy\/tr\/index.php?rest_route=\/wp\/v2\/media\/52824"}],"wp:attachment":[{"href":"https:\/\/archive.sana.sy\/tr\/index.php?rest_route=%2Fwp%2Fv2%2Fmedia&parent=52823"}],"wp:term":[{"taxonomy":"category","embeddable":true,"href":"https:\/\/archive.sana.sy\/tr\/index.php?rest_route=%2Fwp%2Fv2%2Fcategories&post=52823"},{"taxonomy":"post_tag","embeddable":true,"href":"https:\/\/archive.sana.sy\/tr\/index.php?rest_route=%2Fwp%2Fv2%2Ftags&post=52823"}],"curies":[{"name":"wp","href":"https:\/\/api.w.org\/{rel}","templated":true}]}}