{"id":52864,"date":"2015-11-19T15:41:10","date_gmt":"2015-11-19T13:41:10","guid":{"rendered":"http:\/\/www.sana.sy\/tr\/?p=52864"},"modified":"2015-11-19T15:41:10","modified_gmt":"2015-11-19T13:41:10","slug":"sanaya-aciklama-yapan-askeri-bir-kaynak-ordu-birliklerimizin-halk-savunma-gucleriyle-isbirligi-icinde-lazkiye-kirsalinin-kuzeyi-keseb-boglesinin-guneydogusunda-turkiyedeki-rejimin-destekled","status":"publish","type":"post","link":"https:\/\/archive.sana.sy\/tr\/?p=52864","title":{"rendered":"SANA\u2019ya a\u00e7\u0131klama yapan askeri bir kaynak ordu birliklerimizin halk savunma g\u00fc\u00e7leriyle i\u015fbirli\u011fi i\u00e7inde Lazkiye k\u0131rsal\u0131n\u0131n kuzeyi Keseb B\u00f6glesinin g\u00fcneydo\u011fusunda T\u00fcrkiye&#8217;deki rejimin destekledi\u011fi ter\u00f6ristleri b\u00fcy\u00fck kay\u0131plara u\u011fratmalar\u0131 ard\u0131ndan 803 B\u00f6lgesini kontrollerine ge\u00e7irdiklerini, civardaki tepelerde de ilerlemeye devam ettiklerini aktard\u0131."},"content":{"rendered":"<p>SANA\u2019ya a\u00e7\u0131klama yapan askeri bir kaynak ordu birliklerimizin halk savunma g\u00fc\u00e7leriyle i\u015fbirli\u011fi i\u00e7inde Lazkiye k\u0131rsal\u0131n\u0131n kuzeyi Keseb B\u00f6glesinin g\u00fcneydo\u011fusunda T\u00fcrkiye&#8217;deki rejimin destekledi\u011fi ter\u00f6ristleri b\u00fcy\u00fck kay\u0131plara u\u011fratmalar\u0131 ard\u0131ndan 803 B\u00f6lgesini kontrollerine ge\u00e7irdiklerini, civardaki tepelerde de ilerlemeye devam ettiklerini aktard\u0131.<\/p>\n","protected":false},"excerpt":{"rendered":"<p>SANA\u2019ya a\u00e7\u0131klama yapan askeri bir kaynak ordu birliklerimizin halk savunma g\u00fc\u00e7leriyle i\u015fbirli\u011fi i\u00e7inde Lazkiye k\u0131rsal\u0131n\u0131n kuzeyi Keseb B\u00f6glesinin g\u00fcneydo\u011fusunda T\u00fcrkiye&#8217;deki rejimin destekledi\u011fi ter\u00f6ristleri b\u00fcy\u00fck kay\u0131plara u\u011fratmalar\u0131 ard\u0131ndan 803 B\u00f6lgesini kontrollerine ge\u00e7irdiklerini, civardaki tepelerde de ilerlemeye devam ettiklerini aktard\u0131.<\/p>\n","protected":false},"author":1,"featured_media":0,"comment_status":"closed","ping_status":"closed","sticky":false,"template":"","format":"standard","meta":{"footnotes":""},"categories":[1],"tags":[],"class_list":["post-52864","post","type-post","status-publish","format-standard","","category-news-not-sorted"],"_links":{"self":[{"href":"https:\/\/archive.sana.sy\/tr\/index.php?rest_route=\/wp\/v2\/posts\/52864","targetHints":{"allow":["GET"]}}],"collection":[{"href":"https:\/\/archive.sana.sy\/tr\/index.php?rest_route=\/wp\/v2\/posts"}],"about":[{"href":"https:\/\/archive.sana.sy\/tr\/index.php?rest_route=\/wp\/v2\/types\/post"}],"author":[{"embeddable":true,"href":"https:\/\/archive.sana.sy\/tr\/index.php?rest_route=\/wp\/v2\/users\/1"}],"replies":[{"embeddable":true,"href":"https:\/\/archive.sana.sy\/tr\/index.php?rest_route=%2Fwp%2Fv2%2Fcomments&post=52864"}],"version-history":[{"count":0,"href":"https:\/\/archive.sana.sy\/tr\/index.php?rest_route=\/wp\/v2\/posts\/52864\/revisions"}],"wp:attachment":[{"href":"https:\/\/archive.sana.sy\/tr\/index.php?rest_route=%2Fwp%2Fv2%2Fmedia&parent=52864"}],"wp:term":[{"taxonomy":"category","embeddable":true,"href":"https:\/\/archive.sana.sy\/tr\/index.php?rest_route=%2Fwp%2Fv2%2Fcategories&post=52864"},{"taxonomy":"post_tag","embeddable":true,"href":"https:\/\/archive.sana.sy\/tr\/index.php?rest_route=%2Fwp%2Fv2%2Ftags&post=52864"}],"curies":[{"name":"wp","href":"https:\/\/api.w.org\/{rel}","templated":true}]}}