{"id":52882,"date":"2015-11-19T18:14:37","date_gmt":"2015-11-19T16:14:37","guid":{"rendered":"http:\/\/www.sana.sy\/tr\/?p=52882"},"modified":"2015-11-19T18:14:37","modified_gmt":"2015-11-19T16:14:37","slug":"esadsiz-bariscil-cozum-mumkun-degildir","status":"publish","type":"post","link":"https:\/\/archive.sana.sy\/tr\/?p=52882","title":{"rendered":"Esad\u2019s\u0131z Bar\u0131\u015f\u00e7\u0131l \u00c7\u00f6z\u00fcm M\u00fcmk\u00fcn De\u011fildir"},"content":{"rendered":"<p>MOSKOVA \u2013 Rusya D\u0131\u015fi\u015fleri Bakan\u0131 Sergey Lavrov Suriye&#8217;de halk\u0131n b\u00fcy\u00fck \u00e7o\u011funlu\u011funun \u00e7\u0131karlar\u0131n\u0131 temsil eden Cumhurba\u015fkan\u0131 Be\u015f\u015far el Esad olmadan bar\u0131\u015f\u00e7\u0131l bir \u00e7\u00f6z\u00fcm sa\u011flaman\u0131n kesinlikle m\u00fcmk\u00fcn olmad\u0131\u011f\u0131n\u0131 belirtti.<\/p>\n<p>Rusya&#8217;n\u0131n Sesi Radyosnua bug\u00fcn verdi\u011fi deme\u00e7te Lavrov; Bat\u0131l\u0131 ve b\u00f6lgesel kimi devletlerin Suriye&#8217;de krizin ba\u015flamas\u0131ndan bu yana d\u00f6rt y\u0131la a\u015fk\u0131n s\u00fcredir \u2018el Esad\u2019\u0131n g\u00fcnleri say\u0131l\u0131d\u0131r\u2019 ve benzeri a\u00e7\u0131klamalarda bulunduklar\u0131na i\u015faret etti. Lavrov fakat t\u00fcm bu tahminlerin \u015fu ana dek ger\u00e7ekle\u015fmedi\u011fine dikkat \u00e7ekti. \u00c7\u00fcnk\u00fc el Esad\u2019\u0131n Suriye halk\u0131n\u0131n b\u00fcy\u00fck \u00e7o\u011funlu\u011funu temsil etti\u011fini belirten Lavrov; bundan dolay\u0131 da Suriye&#8217;deki krize Esad\u2019s\u0131z bar\u0131\u015f\u00e7\u0131l bir \u00e7\u00f6z\u00fcm sa\u011flaman\u0131n m\u00fcmk\u00fcn olmad\u0131\u011f\u0131n\u0131 vurgulad\u0131.<\/p>\n<p>Lavrov; Bat\u0131l\u0131 ve daha ba\u015fka devletlerin Suriye&#8217;deki krize ili\u015fkin tutumlar\u0131n\u0131 de\u011fi\u015ftirmeye ba\u015flad\u0131klar\u0131n\u0131, \u2018Esad\u2019\u0131n gitmesiyle t\u00fcm sorunlar\u0131n \u00e7\u00f6z\u00fclece\u011fi\u2019 y\u00f6n\u00fcnde daha \u00f6nce yapt\u0131klar\u0131 a\u00e7\u0131klamalar\u0131n ger\u00e7ekle ilgisi olmad\u0131\u011f\u0131n\u0131 idrak etmeye ba\u015flad\u0131klar\u0131n\u0131 ifade etti. Bunun da en b\u00fcy\u00fck kan\u0131t\u0131n\u0131n Viyana g\u00f6r\u00fc\u015fmeleri sonucunda \u00fcst\u00fcne anla\u015f\u0131lan iki belge oldu\u011funa i\u015faret eden Lavrov; bu belgelerde Rusya&#8217;n\u0131n krizin ba\u015f\u0131ndan beri tekrarlad\u0131\u011f\u0131 d\u00fc\u015f\u00fcncelerin onayland\u0131\u011f\u0131n\u0131 a\u00e7\u0131klad\u0131.<\/p>\n<p>I\u015e\u0130D\u2019e kar\u015f\u0131 m\u00fccadelede Rusya ve Fransa aras\u0131nda koordinasyon konusunda ise Lavrov; ak\u0131ll\u0131 politikac\u0131lar\u0131n I\u015e\u0130D\u2019e kar\u015f\u0131 m\u00fccadelenin \u00f6nceli\u011fini idrak etmeye ba\u015flad\u0131klar\u0131n\u0131 s\u00f6yledi. Lavrov I\u015e\u0130D\u2019e kar\u015f\u0131 sava\u015fta Suriye&#8217;nin egemenli\u011fine ve y\u00f6netiminin yetkilerine sayg\u0131s\u0131 olan herkesle koordinasyonun m\u00fcmk\u00fcn olabilece\u011fini ifade ederken, ABD komutas\u0131ndaki uluslar aras\u0131 koalisyonda yer alan devletlerin de buna dahil oldu\u011funu s\u00f6zlerine ekledi.<\/p>\n","protected":false},"excerpt":{"rendered":"<p>MOSKOVA \u2013 Rusya D\u0131\u015fi\u015fleri Bakan\u0131 Sergey Lavrov Suriye&#8217;de halk\u0131n b\u00fcy\u00fck \u00e7o\u011funlu\u011funun \u00e7\u0131karlar\u0131n\u0131 temsil eden Cumhurba\u015fkan\u0131 Be\u015f\u015far el Esad olmadan bar\u0131\u015f\u00e7\u0131l bir \u00e7\u00f6z\u00fcm sa\u011flaman\u0131n kesinlikle m\u00fcmk\u00fcn olmad\u0131\u011f\u0131n\u0131 belirtti. Rusya&#8217;n\u0131n Sesi Radyosnua bug\u00fcn verdi\u011fi deme\u00e7te Lavrov; Bat\u0131l\u0131 ve b\u00f6lgesel kimi devletlerin Suriye&#8217;de krizin ba\u015flamas\u0131ndan bu yana d\u00f6rt y\u0131la a\u015fk\u0131n s\u00fcredir \u2018el Esad\u2019\u0131n g\u00fcnleri say\u0131l\u0131d\u0131r\u2019 ve benzeri a\u00e7\u0131klamalarda &hellip;<\/p>\n","protected":false},"author":1,"featured_media":52883,"comment_status":"closed","ping_status":"closed","sticky":false,"template":"","format":"standard","meta":{"footnotes":""},"categories":[458,459,447],"tags":[17772],"class_list":["post-52882","post","type-post","status-publish","format-standard","has-post-thumbnail","","category-dunya1","category-haberler-arap-uluslararasi-politika","category-politika","tag-esadsiz-bariscil-cozum-mumkun-degildir"],"_links":{"self":[{"href":"https:\/\/archive.sana.sy\/tr\/index.php?rest_route=\/wp\/v2\/posts\/52882","targetHints":{"allow":["GET"]}}],"collection":[{"href":"https:\/\/archive.sana.sy\/tr\/index.php?rest_route=\/wp\/v2\/posts"}],"about":[{"href":"https:\/\/archive.sana.sy\/tr\/index.php?rest_route=\/wp\/v2\/types\/post"}],"author":[{"embeddable":true,"href":"https:\/\/archive.sana.sy\/tr\/index.php?rest_route=\/wp\/v2\/users\/1"}],"replies":[{"embeddable":true,"href":"https:\/\/archive.sana.sy\/tr\/index.php?rest_route=%2Fwp%2Fv2%2Fcomments&post=52882"}],"version-history":[{"count":0,"href":"https:\/\/archive.sana.sy\/tr\/index.php?rest_route=\/wp\/v2\/posts\/52882\/revisions"}],"wp:featuredmedia":[{"embeddable":true,"href":"https:\/\/archive.sana.sy\/tr\/index.php?rest_route=\/wp\/v2\/media\/52883"}],"wp:attachment":[{"href":"https:\/\/archive.sana.sy\/tr\/index.php?rest_route=%2Fwp%2Fv2%2Fmedia&parent=52882"}],"wp:term":[{"taxonomy":"category","embeddable":true,"href":"https:\/\/archive.sana.sy\/tr\/index.php?rest_route=%2Fwp%2Fv2%2Fcategories&post=52882"},{"taxonomy":"post_tag","embeddable":true,"href":"https:\/\/archive.sana.sy\/tr\/index.php?rest_route=%2Fwp%2Fv2%2Ftags&post=52882"}],"curies":[{"name":"wp","href":"https:\/\/api.w.org\/{rel}","templated":true}]}}