{"id":52885,"date":"2015-11-19T19:00:19","date_gmt":"2015-11-19T17:00:19","guid":{"rendered":"http:\/\/www.sana.sy\/tr\/?p=52885"},"modified":"2015-11-20T17:29:16","modified_gmt":"2015-11-20T15:29:16","slug":"vatan-koruyucularimiz-vatanseverlik-ve-onur-modeli-olusturmaya-devam-ediyor-3","status":"publish","type":"post","link":"https:\/\/archive.sana.sy\/tr\/?p=52885","title":{"rendered":"Vatan Koruyucular\u0131m\u0131z Vatanseverlik ve Onur Modeli Olu\u015fturmaya Devam Ediyor"},"content":{"rendered":"<p>\u0130LLER \u2013 Bug\u00fcne kadar vatan\u0131 korumada hi\u00e7bir tehdit yada sald\u0131r\u0131ya boyun e\u011fmeyen kahraman birliklerimiz d\u00fcnyan\u0131n en g\u00fc\u00e7l\u00fc g\u00f6r\u00fcnen devletlerden finans ve silah yard\u0131m\u0131 alan \u00e7okuluslu ter\u00f6ristleri emsali g\u00f6r\u00fclmemi\u015f bir hezimete u\u011fratarak d\u00fcnya kamuoyunda vatanseverlik ve onurun modeli olmaya devam ediyor.<\/p>\n<p><span style=\"color: #0000ff\">DERA:<\/span><\/p>\n<p>SANA\u2019ya a\u00e7\u0131klama yapan askeri bir kaynak; ordu birliklerimizin Dera Beled\u2019te \u0130srail\u2019den destek alan Nusra Cephesi ve di\u011fer \u00f6rg\u00fctlere ait yuva ve destek hatlar\u0131n\u0131 hedef almalar\u0131yla \u00e7ok say\u0131da ter\u00f6risti \u00f6l\u00fc ve yaral\u0131 d\u00fc\u015f\u00fcr\u00fcp bir arac\u0131 ve bir topu da imha ettiklerini ifade etti.<\/p>\n<p>Kaynak; Dera k\u0131rsal\u0131n\u0131n kuzeydo\u011fusu Bat\u0131 \u011eariye K\u00f6y\u00fcn\u00fcn kuzeybat\u0131s\u0131nda da ter\u00f6ristlerin hareketlenmelerine y\u00f6nelik nitelikli bir operasyonda radikal ter\u00f6ristlerin say\u0131 ve te\u00e7hizatlar\u0131yla birlikte imha edilip siper haz\u0131rlamada kullan\u0131lan bir dozerin yok edildi\u011fini s\u00f6yledi.<\/p>\n<p><span style=\"color: #0000ff\">S\u00dcVEYDA:<\/span><\/p>\n<p>Bu arada askeri kaynak; S\u00fcveyda k\u0131rsal\u0131n\u0131n kuzeydo\u011fusu Hurbet Sued K\u00f6y ve Tepesinde ordu birliklerimizin I\u015e\u0130D\u2019in toplanma yerleri ve mevkilerini yo\u011fun ate\u015fe tutarak \u00e7ok say\u0131da ter\u00f6risti su\u00e7 edatlar\u0131yla birlikte imha ettiklerini aktard\u0131.<\/p>\n<p>Di\u011fer yandan S\u00fcveyda Valili\u011finde bir kaynak SANA muhabirine a\u00e7\u0131klamas\u0131nda; ordu birliklerimizin halk savunma g\u00fc\u00e7leriyle i\u015fbirli\u011fi i\u00e7inde I\u015e\u0130D\u2019in Kasr K\u00f6y\u00fcnden Hakf K\u00f6y\u00fc kenarlar\u0131na s\u0131zma giri\u015fimlerini \u00e7\u00f6kerttiklerini beyan etti.<\/p>\n<p>Kaynak ordu birliklerimizde bomba imha ekiplerinin ter\u00f6ristlerin Hakf K\u00f6y\u00fcne s\u0131zma giri\u015fimleri esnas\u0131nda Hakf \u2013 B\u00fcseyna yoluna yerle\u015ftirdikleri 3 bomba d\u00fczene\u011fini etkisizle\u015ftirdiklerini bildirdi. Bomba d\u00fczeneklerinin her birinin 15 ila 20 kg a\u011f\u0131rl\u0131\u011f\u0131nda oldu\u011funa i\u015faret eden kaynak; kablo arac\u0131l\u0131\u011f\u0131 ile uzaktan patlat\u0131lmak \u00fczere yerle\u015ftirildiklerini kaydetti.<\/p>\n<p><span style=\"color: #0000ff\">\u0130DL\u0130B:<\/span><\/p>\n<p>\u00d6te yandan askeri kaynak; \u0130dlib k\u0131rsal\u0131nda ihvanc\u0131 Erdo\u011fan ve Vahhabi \u00c2l Suud rejimine ba\u011fl\u0131 \u2018Fetih Ordusu\u2019 \u00e7etelerine kar\u015f\u0131 hava operasyonlar\u0131 ger\u00e7ekle\u015ftiren hava g\u00fc\u00e7lerimizin; il k\u0131rsal\u0131n\u0131n g\u00fcneyi Temania Beldesi ve Ovrm el Cevz K\u00f6y\u00fcnde Nusra Cephesinin siperlerini hedef ald\u0131klar\u0131n\u0131 belirtti.<\/p>\n<p>Kaynak; operasyonlarda \u00e7ok say\u0131da ter\u00f6ristin \u00f6l\u00fc ve yaral\u0131 d\u00fc\u015f\u00fcr\u00fcl\u00fcp a\u011f\u0131r makineli silahlarla donat\u0131lm\u0131\u015f ara\u00e7lara ek olarak silah ve m\u00fchimmatlar\u0131n imha edildi\u011fine dikkat \u00e7ekti.<\/p>\n<p><span style=\"color: #0000ff\">HAMA:<\/span><\/p>\n<p>Hama k\u0131rsal\u0131n\u0131n kuzey ve kuzeybat\u0131s\u0131nda ise yine \u2018Fetih Ordusu\u2019na tabi \u00e7etelerin toplanma yerleri ve mevkilerini hedef alan hava g\u00fc\u00e7lerimiz; Kefar Zeyta Beldesi ve Morik Kentinde de bir\u00e7ok ter\u00f6risti \u00f6ld\u00fcr\u00fcp a\u011f\u0131r makineli silahlarla donat\u0131lm\u0131\u015f ara\u00e7lar\u0131n\u0131 yok etti.<\/p>\n<p><span style=\"color: #0000ff\">LAZK\u0130YE:<\/span><\/p>\n<p>Bu arada askeri kaynak; hava g\u00fc\u00e7lerimizin Lazkiye k\u0131rsal\u0131n\u0131n kuzeyi 1112 ve 1154 tepelerine ilaveten Rakrakiye, Ruveyset \u015eeyhu, A\u015fa\u011f\u0131 Arafit ve Yukar\u0131 Arafit b\u00f6lgelerinde radikal ter\u00f6r \u00f6rg\u00fctlerin siper ve karargahlar\u0131n\u0131 muhtevalar\u0131yla birlikte imha ettiklerini s\u00f6yledi.<\/p>\n<p>G\u00fcn\u00fcn ilerleyen saatlerinde a\u00e7\u0131klama yapan bir kaynak; ordu birliklerimizin halk savunma g\u00fc\u00e7leriyle i\u015fbirli\u011fi i\u00e7inde ve Rus hava g\u00fc\u00e7lerinin destekleriyle Lazkiye k\u0131rsal\u0131n\u0131n kuzeyi \u015emiyse K\u00f6y\u00fc, 482 Noktas\u0131 ve Cebel el Zevyek B\u00f6lgesindeki stratejik tepeleri kontrollerine ald\u0131klar\u0131n\u0131 beyan etti.<\/p>\n<p>Bu arada askeri kaynak; hava g\u00fc\u00e7lerimizin Lazkiye k\u0131rsal\u0131n\u0131n kuzeyi 1112 ve 1154 tepelerine ilaveten Rakrakiye, Ruveyset \u015eeyhu, A\u015fa\u011f\u0131 Arafit ve Yukar\u0131 Arafit b\u00f6lgelerinde radikal ter\u00f6r \u00f6rg\u00fctlerin siper ve karargahlar\u0131n\u0131 muhtevalar\u0131yla birlikte imha ederek kontrollerine ge\u00e7irdiklerini s\u00f6yledi.<\/p>\n<p>Ak\u015fam saatlerinde SANA\u2019ya a\u00e7\u0131klama yapan askeri kaynak ordu birliklerimizin Lazkiye k\u0131rsal\u0131n\u0131n kuzeyinde Erdo\u011fan \u00e7eteleri tekfirci ter\u00f6ristleri b\u00fcy\u00fck kay\u0131plara u\u011fratmalar\u0131 ard\u0131ndan Da\u011fma\u015fliye ve Zveyk k\u00f6ylerine ek olarak Zveyk, Musa, Sakr, Sindyan ve Celile da\u011flar\u0131n\u0131 ter\u00f6rden temizleyip kontrollerine ge\u00e7irdiklerini aktard\u0131.<\/p>\n<p><span style=\"color: #0000ff;line-height: 1.5\">\u015eAM KIRSALI:<\/span><\/p>\n<p>\u015eam k\u0131rsal\u0131nda ise askeri kaynak; hava g\u00fc\u00e7lerimizin Do\u011fu \u011euta\u2019n\u0131n Duma Kentinde \u00c2l Suud rejimine ba\u011fl\u0131 \u2018\u0130slam Ordusu\u2019na ait bir silah deposu ve iki siperi yo\u011fun ate\u015fe tutarak ter\u00f6ristlerin saflar\u0131nda a\u011f\u0131r kay\u0131plara yol a\u00e7t\u0131klar\u0131n\u0131 aktard\u0131.<\/p>\n<p>\u015eam k\u0131rsal\u0131 Han el \u015eiyh Beldesinde de hava g\u00fc\u00e7lerimizin ter\u00f6ristlerin toplanma yerleri, bir silah deposu, bir havan topu ve 32 mm kalibreli bir topu imha ettiklerini belirten kaynak; burada da \u00e7ok say\u0131da ter\u00f6risti \u00f6l\u00fc ve yaral\u0131 d\u00fc\u015f\u00fcrd\u00fcklerini s\u00f6yledi.<\/p>\n<p><span style=\"color: #0000ff\">HALEP:<\/span><\/p>\n<p>Hava g\u00fc\u00e7lerimizden destek alan ordu birliklerimiz Halep k\u0131rsal\u0131n\u0131n kuzeydo\u011fusu el Bab Kentinde I\u015e\u0130D ter\u00f6r \u00f6rg\u00fct\u00fcn\u00fcn toplanma yerlerini yok etmelerine e\u015f zamanl\u0131 olarak il k\u0131rsal\u0131n\u0131n do\u011fusu Deyr Hafer, Neccara, Katr, Kabbara, Tel Ahmar ve Balat k\u00f6y ve beldelerinde I\u015e\u0130D\u2019in siper ve karargahlar\u0131n\u0131 muhtevalar\u0131yla birlikte imha etti.<\/p>\n<p>Halep k\u0131rsal\u0131n\u0131n g\u00fcneyi Amiriye K\u00f6y\u00fcnde ise ordu birliklerimiz ter\u00f6ristlerin yuva ve hareket eksenlerine y\u00f6nelik operasyonlarda ter\u00f6rist ve cephane ta\u015f\u0131yan ara\u00e7lar\u0131n\u0131 tamam\u0131yla imha etmelerine ek olarak \u2018\u0130slami \u00d6zg\u00fcr T\u00fcmenine\u2019 tabi bir ter\u00f6r grubunun t\u00fcm \u00fcyelerini grup eleba\u015flar\u0131yla birlikte \u00f6ld\u00fcrd\u00fc.<\/p>\n<p>Di\u011fer yandan Halep Kentinin Kerm el Meysir, \u015eeyh Ahmet ve Beni Zeyd semtlerinde ordu birliklerimiz Nusra Cephesinden \u00e7ok say\u0131da ter\u00f6risti \u00f6l\u00fc ve yaral\u0131 d\u00fc\u015f\u00fcr\u00fcrken siper, ara\u00e7 ve havan rampalar\u0131n\u0131 da imha etti.<\/p>\n<p>G\u00fcn i\u00e7inde SANA\u2019ya a\u00e7\u0131klama yapan askeri bir kaynak; ordu birliklerimizin Halep k\u0131rsal\u0131n\u0131n do\u011fusu \u015eeyh Ahmet K\u00f6y\u00fcndeki tren istasyonunu tekfirci ter\u00f6ristlerden temizleyerek kontrollerine ald\u0131klar\u0131n\u0131 belirtti.<\/p>\n<p>M.M.<\/p>\n","protected":false},"excerpt":{"rendered":"<p>\u0130LLER \u2013 Bug\u00fcne kadar vatan\u0131 korumada hi\u00e7bir tehdit yada sald\u0131r\u0131ya boyun e\u011fmeyen kahraman birliklerimiz d\u00fcnyan\u0131n en g\u00fc\u00e7l\u00fc g\u00f6r\u00fcnen devletlerden finans ve silah yard\u0131m\u0131 alan \u00e7okuluslu ter\u00f6ristleri emsali g\u00f6r\u00fclmemi\u015f bir hezimete u\u011fratarak d\u00fcnya kamuoyunda vatanseverlik ve onurun modeli olmaya devam ediyor. DERA: SANA\u2019ya a\u00e7\u0131klama yapan askeri bir kaynak; ordu birliklerimizin Dera Beled\u2019te \u0130srail\u2019den destek alan Nusra &hellip;<\/p>\n","protected":false},"author":1,"featured_media":52886,"comment_status":"closed","ping_status":"closed","sticky":false,"template":"","format":"standard","meta":{"footnotes":""},"categories":[575],"tags":[15759],"class_list":["post-52885","post","type-post","status-publish","format-standard","has-post-thumbnail","","category-olaylar-ve-gercekler","tag-vatan-koruyucularimiz-vatanseverlik-ve-onur-modeli-olusturmaya-devam-ediyor"],"_links":{"self":[{"href":"https:\/\/archive.sana.sy\/tr\/index.php?rest_route=\/wp\/v2\/posts\/52885","targetHints":{"allow":["GET"]}}],"collection":[{"href":"https:\/\/archive.sana.sy\/tr\/index.php?rest_route=\/wp\/v2\/posts"}],"about":[{"href":"https:\/\/archive.sana.sy\/tr\/index.php?rest_route=\/wp\/v2\/types\/post"}],"author":[{"embeddable":true,"href":"https:\/\/archive.sana.sy\/tr\/index.php?rest_route=\/wp\/v2\/users\/1"}],"replies":[{"embeddable":true,"href":"https:\/\/archive.sana.sy\/tr\/index.php?rest_route=%2Fwp%2Fv2%2Fcomments&post=52885"}],"version-history":[{"count":0,"href":"https:\/\/archive.sana.sy\/tr\/index.php?rest_route=\/wp\/v2\/posts\/52885\/revisions"}],"wp:featuredmedia":[{"embeddable":true,"href":"https:\/\/archive.sana.sy\/tr\/index.php?rest_route=\/wp\/v2\/media\/52886"}],"wp:attachment":[{"href":"https:\/\/archive.sana.sy\/tr\/index.php?rest_route=%2Fwp%2Fv2%2Fmedia&parent=52885"}],"wp:term":[{"taxonomy":"category","embeddable":true,"href":"https:\/\/archive.sana.sy\/tr\/index.php?rest_route=%2Fwp%2Fv2%2Fcategories&post=52885"},{"taxonomy":"post_tag","embeddable":true,"href":"https:\/\/archive.sana.sy\/tr\/index.php?rest_route=%2Fwp%2Fv2%2Ftags&post=52885"}],"curies":[{"name":"wp","href":"https:\/\/api.w.org\/{rel}","templated":true}]}}