{"id":52895,"date":"2015-11-19T18:56:35","date_gmt":"2015-11-19T16:56:35","guid":{"rendered":"http:\/\/www.sana.sy\/tr\/?p=52895"},"modified":"2015-11-19T18:56:35","modified_gmt":"2015-11-19T16:56:35","slug":"aksam-saatlerinde-sanaya-aciklama-yapan-askeri-kaynak-ordu-birliklerimizin-lazkiye-kirsalinin-kuzeyinde-erdogan-ceteleri-tekfirci-teroristleri-buyuk-kayiplara-ugratmalari-ardindan-dagmasliye","status":"publish","type":"post","link":"https:\/\/archive.sana.sy\/tr\/?p=52895","title":{"rendered":"Ak\u015fam saatlerinde SANA\u2019ya a\u00e7\u0131klama yapan askeri kaynak ordu birliklerimizin Lazkiye k\u0131rsal\u0131n\u0131n kuzeyinde Erdo\u011fan \u00e7eteleri tekfirci ter\u00f6ristleri b\u00fcy\u00fck kay\u0131plara u\u011fratmalar\u0131 ard\u0131ndan Da\u011fma\u015fliye ve Zveyk k\u00f6ylerine ek olarak Zveyk, Musa, Sakr, Sindyan ve Celile da\u011flar\u0131n\u0131 ter\u00f6rden temizleyip kontrollerine ge\u00e7irdiklerini aktard\u0131."},"content":{"rendered":"<p>Ak\u015fam saatlerinde SANA\u2019ya a\u00e7\u0131klama yapan askeri kaynak ordu birliklerimizin Lazkiye k\u0131rsal\u0131n\u0131n kuzeyinde Erdo\u011fan \u00e7eteleri tekfirci ter\u00f6ristleri b\u00fcy\u00fck kay\u0131plara u\u011fratmalar\u0131 ard\u0131ndan Da\u011fma\u015fliye ve Zveyk k\u00f6ylerine ek olarak Zveyk, Musa, Sakr, Sindyan ve Celile da\u011flar\u0131n\u0131 ter\u00f6rden temizleyip kontrollerine ge\u00e7irdiklerini aktard\u0131.<\/p>\n","protected":false},"excerpt":{"rendered":"<p>Ak\u015fam saatlerinde SANA\u2019ya a\u00e7\u0131klama yapan askeri kaynak ordu birliklerimizin Lazkiye k\u0131rsal\u0131n\u0131n kuzeyinde Erdo\u011fan \u00e7eteleri tekfirci ter\u00f6ristleri b\u00fcy\u00fck kay\u0131plara u\u011fratmalar\u0131 ard\u0131ndan Da\u011fma\u015fliye ve Zveyk k\u00f6ylerine ek olarak Zveyk, Musa, Sakr, Sindyan ve Celile da\u011flar\u0131n\u0131 ter\u00f6rden temizleyip kontrollerine ge\u00e7irdiklerini aktard\u0131.<\/p>\n","protected":false},"author":1,"featured_media":0,"comment_status":"closed","ping_status":"closed","sticky":false,"template":"","format":"standard","meta":{"footnotes":""},"categories":[1],"tags":[],"class_list":["post-52895","post","type-post","status-publish","format-standard","","category-news-not-sorted"],"_links":{"self":[{"href":"https:\/\/archive.sana.sy\/tr\/index.php?rest_route=\/wp\/v2\/posts\/52895","targetHints":{"allow":["GET"]}}],"collection":[{"href":"https:\/\/archive.sana.sy\/tr\/index.php?rest_route=\/wp\/v2\/posts"}],"about":[{"href":"https:\/\/archive.sana.sy\/tr\/index.php?rest_route=\/wp\/v2\/types\/post"}],"author":[{"embeddable":true,"href":"https:\/\/archive.sana.sy\/tr\/index.php?rest_route=\/wp\/v2\/users\/1"}],"replies":[{"embeddable":true,"href":"https:\/\/archive.sana.sy\/tr\/index.php?rest_route=%2Fwp%2Fv2%2Fcomments&post=52895"}],"version-history":[{"count":0,"href":"https:\/\/archive.sana.sy\/tr\/index.php?rest_route=\/wp\/v2\/posts\/52895\/revisions"}],"wp:attachment":[{"href":"https:\/\/archive.sana.sy\/tr\/index.php?rest_route=%2Fwp%2Fv2%2Fmedia&parent=52895"}],"wp:term":[{"taxonomy":"category","embeddable":true,"href":"https:\/\/archive.sana.sy\/tr\/index.php?rest_route=%2Fwp%2Fv2%2Fcategories&post=52895"},{"taxonomy":"post_tag","embeddable":true,"href":"https:\/\/archive.sana.sy\/tr\/index.php?rest_route=%2Fwp%2Fv2%2Ftags&post=52895"}],"curies":[{"name":"wp","href":"https:\/\/api.w.org\/{rel}","templated":true}]}}