{"id":52898,"date":"2015-11-20T10:30:39","date_gmt":"2015-11-20T08:30:39","guid":{"rendered":"http:\/\/www.sana.sy\/tr\/?p=52898"},"modified":"2015-11-20T11:15:40","modified_gmt":"2015-11-20T09:15:40","slug":"de-mistura-suriyeli-muhalefetten-kapsamli-bir-temsil-heyeti-olusturulmalidir","status":"publish","type":"post","link":"https:\/\/archive.sana.sy\/tr\/?p=52898","title":{"rendered":"De Mistura: Suriyeli Muhalefetten Kapsaml\u0131 Bir Temsil Heyeti Olu\u015fturulmal\u0131d\u0131r"},"content":{"rendered":"<p>NEW YORK \u2013 Birle\u015fmi\u015f Milletler Suriye \u00d6zel Temsilcisi Stefan De Mistura Suriye krizinin siyasi bar\u0131\u015f\u00e7\u0131l \u00e7\u00f6z\u00fcm\u00fcn\u00fc sa\u011flayacak g\u00f6r\u00fc\u015fmelerin ba\u015flamas\u0131 i\u00e7in Suriyeli muhalefetten kapsaml\u0131 birle\u015fik bir temsil heyeti olu\u015fturulmas\u0131 \u00e7a\u011fr\u0131s\u0131nda bulundu.<\/p>\n<p>D\u00fcn New York\u2019ta bir bas\u0131n konferans\u0131 d\u00fczenleyen De Mistura; Suriye\u2019nin siyasi \u00e7\u00f6z\u00fcm s\u00fcrecindeki g\u00f6r\u00fc\u015fmelerde muhalefetin birle\u015fik ve kapsaml\u0131 bir \u015fekilde temsil edilmesinin \u00f6nemine dikkat \u00e7ekerek Viyana\u2019da konuyla ilgili faaliyetlerin h\u0131zland\u0131r\u0131lmas\u0131 ve etki g\u00fcc\u00fcne sahip devletlerin bu konuda sonu\u00e7 al\u0131c\u0131 bir rol oynayaca\u011f\u0131n\u0131 belirtti.<\/p>\n<p>Viyana\u2019da yap\u0131lan toplant\u0131da kapsaml\u0131 ate\u015fkes ilan edilmesi konusunda uzla\u015fma sa\u011fland\u0131\u011f\u0131na i\u015faret eden De Mistura; Viyana toplant\u0131s\u0131na kat\u0131lan devletlerin etki g\u00fcc\u00fcn\u00fc g\u00f6z \u00f6n\u00fcnde bulundurarak ate\u015fkes uygulanmas\u0131 karar\u0131n\u0131n daha \u00f6ncekilerden ger\u00e7ekle\u015fmesinin \u00e7ok yak\u0131n oldu\u011fu \u00f6ng\u00f6r\u00fcs\u00fcnde bulundu.<\/p>\n<p>I\u015e\u0130D ter\u00f6r \u00f6rg\u00fct\u00fcn\u00fc kapsamayan ate\u015fkesi zorunlu k\u0131lan sebebin Suriye\u2019de siyasi ve bar\u0131\u015f\u00e7\u0131l \u00e7\u00f6z\u00fcme ula\u015f\u0131lmas\u0131 oldu\u011funa de\u011finen De Mistura; ate\u015fkesin Suriye\u2019nin kimi b\u00f6lgelerinde ba\u015far\u0131l\u0131 oldu\u011funun alt\u0131n\u0131 \u00e7izdi.<\/p>\n<p>F.B. &#8211; R.H.<\/p>\n","protected":false},"excerpt":{"rendered":"<p>NEW YORK \u2013 Birle\u015fmi\u015f Milletler Suriye \u00d6zel Temsilcisi Stefan De Mistura Suriye krizinin siyasi bar\u0131\u015f\u00e7\u0131l \u00e7\u00f6z\u00fcm\u00fcn\u00fc sa\u011flayacak g\u00f6r\u00fc\u015fmelerin ba\u015flamas\u0131 i\u00e7in Suriyeli muhalefetten kapsaml\u0131 birle\u015fik bir temsil heyeti olu\u015fturulmas\u0131 \u00e7a\u011fr\u0131s\u0131nda bulundu. D\u00fcn New York\u2019ta bir bas\u0131n konferans\u0131 d\u00fczenleyen De Mistura; Suriye\u2019nin siyasi \u00e7\u00f6z\u00fcm s\u00fcrecindeki g\u00f6r\u00fc\u015fmelerde muhalefetin birle\u015fik ve kapsaml\u0131 bir \u015fekilde temsil edilmesinin \u00f6nemine dikkat \u00e7ekerek &hellip;<\/p>\n","protected":false},"author":1,"featured_media":52899,"comment_status":"closed","ping_status":"closed","sticky":false,"template":"","format":"standard","meta":{"footnotes":""},"categories":[458,459,447],"tags":[17773],"class_list":["post-52898","post","type-post","status-publish","format-standard","has-post-thumbnail","","category-dunya1","category-haberler-arap-uluslararasi-politika","category-politika","tag-de-mistura-suriyeli-muhalefetten-kapsamli-bir-temsil-heyeti-olusturulmalidir"],"_links":{"self":[{"href":"https:\/\/archive.sana.sy\/tr\/index.php?rest_route=\/wp\/v2\/posts\/52898","targetHints":{"allow":["GET"]}}],"collection":[{"href":"https:\/\/archive.sana.sy\/tr\/index.php?rest_route=\/wp\/v2\/posts"}],"about":[{"href":"https:\/\/archive.sana.sy\/tr\/index.php?rest_route=\/wp\/v2\/types\/post"}],"author":[{"embeddable":true,"href":"https:\/\/archive.sana.sy\/tr\/index.php?rest_route=\/wp\/v2\/users\/1"}],"replies":[{"embeddable":true,"href":"https:\/\/archive.sana.sy\/tr\/index.php?rest_route=%2Fwp%2Fv2%2Fcomments&post=52898"}],"version-history":[{"count":0,"href":"https:\/\/archive.sana.sy\/tr\/index.php?rest_route=\/wp\/v2\/posts\/52898\/revisions"}],"wp:featuredmedia":[{"embeddable":true,"href":"https:\/\/archive.sana.sy\/tr\/index.php?rest_route=\/wp\/v2\/media\/52899"}],"wp:attachment":[{"href":"https:\/\/archive.sana.sy\/tr\/index.php?rest_route=%2Fwp%2Fv2%2Fmedia&parent=52898"}],"wp:term":[{"taxonomy":"category","embeddable":true,"href":"https:\/\/archive.sana.sy\/tr\/index.php?rest_route=%2Fwp%2Fv2%2Fcategories&post=52898"},{"taxonomy":"post_tag","embeddable":true,"href":"https:\/\/archive.sana.sy\/tr\/index.php?rest_route=%2Fwp%2Fv2%2Ftags&post=52898"}],"curies":[{"name":"wp","href":"https:\/\/api.w.org\/{rel}","templated":true}]}}